{"id":1847,"date":"2022-10-18T15:28:03","date_gmt":"2022-10-18T15:28:03","guid":{"rendered":"https:\/\/dekkbi.com\/?p=1847"},"modified":"2022-10-18T15:28:05","modified_gmt":"2022-10-18T15:28:05","slug":"amnesty-sur-lincident-lors-des-visites-de-ousmane-sonko-interdire-cette-tournee-constituerait-une-grave-atteinte-aux-libertes-civiles-et","status":"publish","type":"post","link":"https:\/\/dekkbi.com\/?p=1847","title":{"rendered":"Amnesty sur l\u2019incident lors des visites de Ousmane Sonko: \u00ab\u00a0Interdire cette tourn\u00e9e constituerait une grave atteinte aux libert\u00e9s civiles et&#8230;\u00a0\u00bb"},"content":{"rendered":"\n<p><\/p>\n\n\n\n<p>L\u2019incident de Joal lors de la tourn\u00e9e politique du leader de Pastef, continue de susciter des r\u00e9actions. Pour le directeur ex\u00e9cutif de la section s\u00e9n\u00e9galaise d\u2019Amnesty international, l&rsquo;Etat ne peut pas emp\u00eacher la tourn\u00e9e d&rsquo;un chef de parti politique qui va \u00e0 la rencontre de ses militants, des autorit\u00e9s religieuses, coutumi\u00e8res et locales, sous pr\u00e9texte que ces visites provoquent des attroupements et des troubles \u00e0 l&rsquo;ordre public, renseigne \u00ab\u00a0L&rsquo;As\u00a0\u00bb.<\/p>\n\n\n\n<p>Aux yeux de Seydi Gassama, interdire cette tourn\u00e9e, ou poser des obstacles \u00e0 sa r\u00e9alisation, constituerait une grave atteinte aux libert\u00e9s civiles et politiques garanties par la Constitution et des trait\u00e9s r\u00e9gionaux et internationaux de droits humains, dont l&rsquo;\u00c9tat du S\u00e9n\u00e9gal est partie.<\/p>\n\n\n\n<p>Nd\u00e8ye Fatou K\u00e9b\u00e9<\/p>\n\n\n\n<p><\/p>\n\n\n\n<p>SOURCE LERAL<\/p>\n","protected":false},"excerpt":{"rendered":"<p>L\u2019incident de Joal lors de la tourn\u00e9e politique du leader de Pastef, continue de susciter des r\u00e9actions. Pour le directeur<\/p>\n","protected":false},"author":1,"featured_media":1848,"comment_status":"open","ping_status":"open","sticky":false,"template":"","format":"standard","meta":{"footnotes":""},"categories":[6],"tags":[],"class_list":["post-1847","post","type-post","status-publish","format-standard","has-post-thumbnail","hentry","category-politics"],"_links":{"self":[{"href":"https:\/\/dekkbi.com\/index.php?rest_route=\/wp\/v2\/posts\/1847","targetHints":{"allow":["GET"]}}],"collection":[{"href":"https:\/\/dekkbi.com\/index.php?rest_route=\/wp\/v2\/posts"}],"about":[{"href":"https:\/\/dekkbi.com\/index.php?rest_route=\/wp\/v2\/types\/post"}],"author":[{"embeddable":true,"href":"https:\/\/dekkbi.com\/index.php?rest_route=\/wp\/v2\/users\/1"}],"replies":[{"embeddable":true,"href":"https:\/\/dekkbi.com\/index.php?rest_route=%2Fwp%2Fv2%2Fcomments&post=1847"}],"version-history":[{"count":1,"href":"https:\/\/dekkbi.com\/index.php?rest_route=\/wp\/v2\/posts\/1847\/revisions"}],"predecessor-version":[{"id":1849,"href":"https:\/\/dekkbi.com\/index.php?rest_route=\/wp\/v2\/posts\/1847\/revisions\/1849"}],"wp:featuredmedia":[{"embeddable":true,"href":"https:\/\/dekkbi.com\/index.php?rest_route=\/wp\/v2\/media\/1848"}],"wp:attachment":[{"href":"https:\/\/dekkbi.com\/index.php?rest_route=%2Fwp%2Fv2%2Fmedia&parent=1847"}],"wp:term":[{"taxonomy":"category","embeddable":true,"href":"https:\/\/dekkbi.com\/index.php?rest_route=%2Fwp%2Fv2%2Fcategories&post=1847"},{"taxonomy":"post_tag","embeddable":true,"href":"https:\/\/dekkbi.com\/index.php?rest_route=%2Fwp%2Fv2%2Ftags&post=1847"}],"curies":[{"name":"wp","href":"https:\/\/api.w.org\/{rel}","templated":true}]}}