{"id":18451,"date":"2023-08-08T11:14:40","date_gmt":"2023-08-08T11:14:40","guid":{"rendered":"https:\/\/dekkbi.com\/?p=18451"},"modified":"2023-08-08T11:14:40","modified_gmt":"2023-08-08T11:14:40","slug":"1ere-edition-du-dialogue-territorial-pour-une-meilleure-territorialisation-des-politiques-publiques","status":"publish","type":"post","link":"https:\/\/dekkbi.com\/?p=18451","title":{"rendered":"1\u00e8re \u00e9dition du dialogue territorial: Pour \u00ab une meilleure territorialisation \u00bb des politiques publiques"},"content":{"rendered":"\n<p>La 1\u00e8re \u00e9dition du dialogue territorial avec les maires et les pr\u00e9sidents de conseil d\u00e9partemental des r\u00e9gions de Dakar, Kaffrine, Matam, Saint-Louis, et Ziguinchor, a ouvert ses portes ce lundi 7 ao\u00fbt 2023, \u00e0 Dakar.<\/p>\n\n\n\n<p>Organis\u00e9e par le Minist\u00e8re des Collectivit\u00e9s territoriales, de l\u2019Am\u00e9nagement et du d\u00e9veloppement des Territoires et plac\u00e9e sous la pr\u00e9sidence effective de Ministre Mamadou Talla, cette rencontre de deux jours (7 et 8 ao\u00fbt) vise \u00e0 \u00ab faciliter l\u2019appropriation \u00bb, par les \u00e9lus territoriaux, des orientations du gouvernement pour \u00ab une meilleure territorialisation \u00bb des politiques publiques.<\/p>\n\n\n\n<p>Elle permettra \u00e9galement de dresser ensemble un \u00e9tat des lieux de ces politiques publiques et d\u00e9gager des perspectives de mani\u00e8re consensuelle \u00e0 travers des modalit\u00e9s appropri\u00e9es de mise en \u0153uvre. \u00ab La tenue de cette activit\u00e9 r\u00e9sulte de ma foi ind\u00e9fectible aux vertus du dialogue, de la concertation et de la coproduction. Oui, je demeure convaincu que la concertation, la plus large possible, est la m\u00e9thode la plus efficace pour le traitement des grands dossiers int\u00e9ressant notre pays \u00bb a indiqu\u00e9 Mamadou Talla.<\/p>\n\n\n\n<p>Le ministre signale que \u00ab malgr\u00e9 l\u2019augmentation consid\u00e9rable des moyens mis \u00e0 la disposition des collectivit\u00e9s territoriales ces dix derni\u00e8res ann\u00e9es, les \u00e9lus territoriaux exposent r\u00e9guli\u00e8rement leurs difficult\u00e9s \u00e0 prendre en charge correctement les comp\u00e9tences qui leur sont transf\u00e9r\u00e9es \u00bb.<\/p>\n\n\n\n<p>Avant de rappeler que de 2013 \u00e0 2023, les Fonds de dotation de la d\u00e9centralisation et d\u2019\u00e9quipement des collectivit\u00e9s territoriales cumul\u00e9s sont pass\u00e9s de 30,55 milliards FCFA \u00e0 69,61 milliards. Et la contribution \u00e9conomique locale, valeur ajout\u00e9e qui \u00e9tait de 17,76 milliards en 2019, est pass\u00e9e \u00e0 23,93 milliards en 2023, en plus de la ristourne \u00e9valu\u00e9e \u00e0 5,5 milliards cette ann\u00e9e.<\/p>\n\n\n\n<p>Source &#8211; L\u00e9ral<\/p>\n","protected":false},"excerpt":{"rendered":"<p>La 1\u00e8re \u00e9dition du dialogue territorial avec les maires et les pr\u00e9sidents de conseil d\u00e9partemental des r\u00e9gions de Dakar, Kaffrine,<\/p>\n","protected":false},"author":1,"featured_media":18452,"comment_status":"open","ping_status":"open","sticky":false,"template":"","format":"standard","meta":{"footnotes":""},"categories":[6],"tags":[],"class_list":["post-18451","post","type-post","status-publish","format-standard","has-post-thumbnail","hentry","category-politics"],"_links":{"self":[{"href":"https:\/\/dekkbi.com\/index.php?rest_route=\/wp\/v2\/posts\/18451","targetHints":{"allow":["GET"]}}],"collection":[{"href":"https:\/\/dekkbi.com\/index.php?rest_route=\/wp\/v2\/posts"}],"about":[{"href":"https:\/\/dekkbi.com\/index.php?rest_route=\/wp\/v2\/types\/post"}],"author":[{"embeddable":true,"href":"https:\/\/dekkbi.com\/index.php?rest_route=\/wp\/v2\/users\/1"}],"replies":[{"embeddable":true,"href":"https:\/\/dekkbi.com\/index.php?rest_route=%2Fwp%2Fv2%2Fcomments&post=18451"}],"version-history":[{"count":1,"href":"https:\/\/dekkbi.com\/index.php?rest_route=\/wp\/v2\/posts\/18451\/revisions"}],"predecessor-version":[{"id":18453,"href":"https:\/\/dekkbi.com\/index.php?rest_route=\/wp\/v2\/posts\/18451\/revisions\/18453"}],"wp:featuredmedia":[{"embeddable":true,"href":"https:\/\/dekkbi.com\/index.php?rest_route=\/wp\/v2\/media\/18452"}],"wp:attachment":[{"href":"https:\/\/dekkbi.com\/index.php?rest_route=%2Fwp%2Fv2%2Fmedia&parent=18451"}],"wp:term":[{"taxonomy":"category","embeddable":true,"href":"https:\/\/dekkbi.com\/index.php?rest_route=%2Fwp%2Fv2%2Fcategories&post=18451"},{"taxonomy":"post_tag","embeddable":true,"href":"https:\/\/dekkbi.com\/index.php?rest_route=%2Fwp%2Fv2%2Ftags&post=18451"}],"curies":[{"name":"wp","href":"https:\/\/api.w.org\/{rel}","templated":true}]}}