{"id":18436,"date":"2023-08-08T10:54:25","date_gmt":"2023-08-08T10:54:25","guid":{"rendered":"https:\/\/dekkbi.com\/?p=18436"},"modified":"2023-08-08T10:54:26","modified_gmt":"2023-08-08T10:54:26","slug":"branco-nest-pas-sonko-par-mbaye-sadikh","status":"publish","type":"post","link":"https:\/\/dekkbi.com\/?p=18436","title":{"rendered":"Branco n\u2019est pas Sonko ! (par Mbaye Sadikh)"},"content":{"rendered":"\n<p>Devant certaines situations, le titre de l\u2019ouvrage de Henri Lopes s\u2019impose d\u2019office : Pleurer-rire ! Juan Branco est libre. Il a \u00e9t\u00e9 inculp\u00e9 puis plac\u00e9 en libert\u00e9 provisoire, apr\u00e8s avoir \u00e9t\u00e9 traqu\u00e9 puis extrad\u00e9 de la Mauritanie vers le S\u00e9n\u00e9gal. Finalement, on ne sait pas s\u2019il faut en pleurer ou en rire. Peut-\u00eatre les deux \u00e0 la fois.<br>Pleurer de voir comment nos pays sont gouvern\u00e9s, combien les d\u00e9cisions sont prises \u00e0 la l\u00e9g\u00e8re au risque de ridiculiser toute une nation, combien les ressources publiques si rares et si pr\u00e9cieuses sont d\u00e9pens\u00e9es pour des broutilles. Mais au finish, il faut aussi en rire, parce que dans tous les cas, on a besoin de lib\u00e9rer un peu de cette \u00e9nergie n\u00e9gative pour ne pas exploser. En rire aussi, parce que c\u2019est tout simplement ce qui reste pour se soulager, apr\u00e8s avoir pleur\u00e9 face \u00e0 un spectacle aussi affligeant pour le S\u00e9n\u00e9gal.\u00a0\u00a0<br>Branco est donc libre ! Non ! \u00c7a doit \u00eatre un r\u00eave. Chers \u00e9trangers vivants parmi nous, merci de nous pincer un peu la peau pour qu\u2019on soit s\u00fbrs de ne pas \u00eatre en plein sommeil, si tant est que vous-m\u00eames vous n\u2019\u00eates pas emport\u00e9s par ce d\u00e9lire. Il y a de quoi avoir tout de suite les cheveux blancs et la peau rid\u00e9e afin de se faire passer pour un vieillard pour ensuite raconter cette histoire \u00e0 ses petits-fils : il \u00e9tait une fois l\u2019affaire Branco.<br>De quoi s\u2019agit-il grand-p\u00e8re ? Un pays nomm\u00e9 S\u00e9n\u00e9gal avait d\u00e9livr\u00e9 un mandat d\u2019arr\u00eat international contre un avocat franco-espagnol du nom de Juan Branco. L\u2019avocat a eu le toupet de revenir clandestinement dans ce m\u00eame pays, driblant les vigiles de la fronti\u00e8re, pour participer \u00e0 une conf\u00e9rence de presse des avocats de son client.<br>Cet \u2018\u2019avocat en mal de reconnaissance dans son pays\u2019\u2019 (Fofana) va dribbler \u00e0 nouveau les gardes-fronti\u00e8re pour se retrouver en Mauritanie. Il sera arr\u00eat\u00e9 et conduit manu militari \u00e0 Dakar, puis jet\u00e9 en prison. Deux jours apr\u00e8s, coup de th\u00e9\u00e2tre, Branco est libre et plac\u00e9 sous contr\u00f4le judiciaire. Et c\u2019est la fin de l\u2019histoire, comme dirait Fukuyama, puisque le Dernier homme est expuls\u00e9 vers son pays, la France.<br>Finalement, la principale le\u00e7on \u00e0 tirer de cette tragicom\u00e9die est que Branco n\u2019est pas Sonko. Certes, les po\u00e8tes peuvent y trouver une rime, mais \u00e7a s\u2019arr\u00eate l\u00e0. Ousmane Sonko est arr\u00eat\u00e9 et poursuivi pour\u00a0 \u00ab appel \u00e0 l&rsquo;insurrection, association de malfaiteurs, atteinte \u00e0 la s\u00fbret\u00e9 de l&rsquo;\u00c9tat, complot contre l&rsquo;autorit\u00e9 de l&rsquo;\u00c9tat, vol \u00bb, entre autres parmi les 7 charges retenues. Depuis une semaine, il croupit \u00e0 la prison de S\u00e9bikhotane.<br>Juan Branco, lui, est poursuivi\u00a0 pour \u00ab attentat, complot, diffusion de fausses nouvelles et actes et man\u0153uvres de nature \u00e0 compromettre la s\u00e9curit\u00e9 publique ou \u00e0 occasionner des troubles politiques graves \u00bb. Avec des charges similaires, la logique voudrait que Branco rejoigne Sonko \u00e0 S\u00e9bi. Mais Sonko est S\u00e9n\u00e9galais, Branco est franco-espagnol. Sonko est originaire du Tiers monde, Branco est originaire de l\u2019Occident. Sonko a la nationalit\u00e9 d\u2019un petit pays, Branco a la nationalit\u00e9 d\u2019une grande puissance. On peut m\u00eame y ajouter, au risque d\u2019\u00eatre tax\u00e9 de raciste, que Sonko est noir, Branco est blanc.<br>En r\u00e9sum\u00e9, au Cercle des tropiques, Sonko est un citoyen ordinaire, Branco est un citoyen prioritaire. Et comme on le sait tous, pomme de terre n\u2019est pas Angleterre. La preuve nous viendra sous peu du Niger.\u00a0<\/p>\n\n\n\n<p>Source &#8211; seneweb<\/p>\n","protected":false},"excerpt":{"rendered":"<p>Devant certaines situations, le titre de l\u2019ouvrage de Henri Lopes s\u2019impose d\u2019office : Pleurer-rire ! Juan Branco est libre. Il<\/p>\n","protected":false},"author":1,"featured_media":18437,"comment_status":"open","ping_status":"open","sticky":false,"template":"","format":"standard","meta":{"footnotes":""},"categories":[21],"tags":[],"class_list":["post-18436","post","type-post","status-publish","format-standard","has-post-thumbnail","hentry","category-societe"],"_links":{"self":[{"href":"https:\/\/dekkbi.com\/index.php?rest_route=\/wp\/v2\/posts\/18436","targetHints":{"allow":["GET"]}}],"collection":[{"href":"https:\/\/dekkbi.com\/index.php?rest_route=\/wp\/v2\/posts"}],"about":[{"href":"https:\/\/dekkbi.com\/index.php?rest_route=\/wp\/v2\/types\/post"}],"author":[{"embeddable":true,"href":"https:\/\/dekkbi.com\/index.php?rest_route=\/wp\/v2\/users\/1"}],"replies":[{"embeddable":true,"href":"https:\/\/dekkbi.com\/index.php?rest_route=%2Fwp%2Fv2%2Fcomments&post=18436"}],"version-history":[{"count":1,"href":"https:\/\/dekkbi.com\/index.php?rest_route=\/wp\/v2\/posts\/18436\/revisions"}],"predecessor-version":[{"id":18438,"href":"https:\/\/dekkbi.com\/index.php?rest_route=\/wp\/v2\/posts\/18436\/revisions\/18438"}],"wp:featuredmedia":[{"embeddable":true,"href":"https:\/\/dekkbi.com\/index.php?rest_route=\/wp\/v2\/media\/18437"}],"wp:attachment":[{"href":"https:\/\/dekkbi.com\/index.php?rest_route=%2Fwp%2Fv2%2Fmedia&parent=18436"}],"wp:term":[{"taxonomy":"category","embeddable":true,"href":"https:\/\/dekkbi.com\/index.php?rest_route=%2Fwp%2Fv2%2Fcategories&post=18436"},{"taxonomy":"post_tag","embeddable":true,"href":"https:\/\/dekkbi.com\/index.php?rest_route=%2Fwp%2Fv2%2Ftags&post=18436"}],"curies":[{"name":"wp","href":"https:\/\/api.w.org\/{rel}","templated":true}]}}