{"id":18307,"date":"2023-08-07T09:45:12","date_gmt":"2023-08-07T09:45:12","guid":{"rendered":"https:\/\/dekkbi.com\/?p=18307"},"modified":"2023-08-07T09:45:13","modified_gmt":"2023-08-07T09:45:13","slug":"football-les-graves-revelations-du-clan-sadio-mane-envers-leroy-sane-et-le-bayern-munich","status":"publish","type":"post","link":"https:\/\/dekkbi.com\/?p=18307","title":{"rendered":"Football : Les graves r\u00e9v\u00e9lations du clan Sadio Man\u00e9 envers Leroy San\u00e9 et le Bayern Munich"},"content":{"rendered":"\n<h3 class=\"wp-block-heading\">Tout juste d\u00e9barqu\u00e9 en Arabie saoudite, Sadio Man\u00e9 semble pr\u00eat \u00e0 se lancer dans une nouvelle histoire avec Al-Nassr. Son chapitre termin\u00e9 avec le Bayern Munich, son conseiller, s\u2019est exprim\u00e9 dans l\u2019After Foot sur RMC, au sujet de l\u2019altercation du S\u00e9n\u00e9galais avec Leroy San\u00e9, qui a eu de lourdes cons\u00e9quences sur l\u2019aventure bavaroise de la star africaine.<\/h3>\n\n\n\n<p>\u00ab Tous ceux qui connaissent le football europ\u00e9en savent que Leroy San\u00e9 est un gar\u00e7on tr\u00e8s condescendant. Alors que Sadio Man\u00e9 n&rsquo;a jamais cr\u00e9\u00e9 de probl\u00e8mes l\u00e0 o\u00f9 il est pass\u00e9. Leroy San\u00e9 a franchi le rubicon. (&#8230;) 30 minutes apr\u00e8s, San\u00e9 a envoy\u00e9 un message \u00e0 Sadio pour pr\u00e9senter ses excuses.<\/p>\n\n\n\n<p>Il avait compris qu&rsquo;il avait merd\u00e9. Sadio a accept\u00e9 ses excuses en lui disant &lsquo;J&rsquo;esp\u00e8re que \u00e7a ne se reproduira plus parce que je suis tr\u00e8s fier de ce que je suis \u00bb, a confi\u00e9 Bacary Ciss\u00e9.<\/p>\n\n\n\n<p>L\u2019attitude du Bayern point\u00e9e du doigt<\/p>\n\n\n\n<p>Le proche de Sadio Man\u00e9 a confirm\u00e9 que l\u2019altercation entre Sadio Man\u00e9 et Leroy Sane est n\u00e9e d\u2019insultes racistes. \u00ab C&rsquo;est pourquoi je vous dis qu&rsquo;il y a de l&rsquo;ingratitude de la part du Bayern. C&rsquo;est plus que fou. Leroy San\u00e9 a ni\u00e9 ses propos.<\/p>\n\n\n\n<p>Le Bayern a ensuite sanctionn\u00e9 Sadio pour un match. Mais vu la gravit\u00e9 du probl\u00e8me, si Sadio avait tort, il aurait \u00e9t\u00e9 sanctionn\u00e9 davantage. Si la couleur de peau de Sadio Man\u00e9 a d\u00e9rang\u00e9 Leroy San\u00e9, elle a aussi d\u00e9rang\u00e9 les dirigeants du Bayern Munich \u00bb, a ajout\u00e9 Bacary Ciss\u00e9 qui a tenu \u00e0 d\u00e9truire la presse allemande dans cette affaire\u2026<\/p>\n\n\n\n<p>www.onzemondial.com<\/p>\n","protected":false},"excerpt":{"rendered":"<p>Tout juste d\u00e9barqu\u00e9 en Arabie saoudite, Sadio Man\u00e9 semble pr\u00eat \u00e0 se lancer dans une nouvelle histoire avec Al-Nassr. Son<\/p>\n","protected":false},"author":1,"featured_media":11445,"comment_status":"open","ping_status":"open","sticky":false,"template":"","format":"standard","meta":{"footnotes":""},"categories":[9],"tags":[],"class_list":["post-18307","post","type-post","status-publish","format-standard","has-post-thumbnail","hentry","category-sports"],"_links":{"self":[{"href":"https:\/\/dekkbi.com\/index.php?rest_route=\/wp\/v2\/posts\/18307","targetHints":{"allow":["GET"]}}],"collection":[{"href":"https:\/\/dekkbi.com\/index.php?rest_route=\/wp\/v2\/posts"}],"about":[{"href":"https:\/\/dekkbi.com\/index.php?rest_route=\/wp\/v2\/types\/post"}],"author":[{"embeddable":true,"href":"https:\/\/dekkbi.com\/index.php?rest_route=\/wp\/v2\/users\/1"}],"replies":[{"embeddable":true,"href":"https:\/\/dekkbi.com\/index.php?rest_route=%2Fwp%2Fv2%2Fcomments&post=18307"}],"version-history":[{"count":1,"href":"https:\/\/dekkbi.com\/index.php?rest_route=\/wp\/v2\/posts\/18307\/revisions"}],"predecessor-version":[{"id":18308,"href":"https:\/\/dekkbi.com\/index.php?rest_route=\/wp\/v2\/posts\/18307\/revisions\/18308"}],"wp:featuredmedia":[{"embeddable":true,"href":"https:\/\/dekkbi.com\/index.php?rest_route=\/wp\/v2\/media\/11445"}],"wp:attachment":[{"href":"https:\/\/dekkbi.com\/index.php?rest_route=%2Fwp%2Fv2%2Fmedia&parent=18307"}],"wp:term":[{"taxonomy":"category","embeddable":true,"href":"https:\/\/dekkbi.com\/index.php?rest_route=%2Fwp%2Fv2%2Fcategories&post=18307"},{"taxonomy":"post_tag","embeddable":true,"href":"https:\/\/dekkbi.com\/index.php?rest_route=%2Fwp%2Fv2%2Ftags&post=18307"}],"curies":[{"name":"wp","href":"https:\/\/api.w.org\/{rel}","templated":true}]}}