{"id":18305,"date":"2023-08-07T09:43:28","date_gmt":"2023-08-07T09:43:28","guid":{"rendered":"https:\/\/dekkbi.com\/?p=18305"},"modified":"2023-08-07T09:43:29","modified_gmt":"2023-08-07T09:43:29","slug":"etats-unis-le-premier-amendement-la-ligne-de-defense-de-donald-trump","status":"publish","type":"post","link":"https:\/\/dekkbi.com\/?p=18305","title":{"rendered":"\u00c9tats-Unis: le premier amendement, la ligne de d\u00e9fense de Donald Trump"},"content":{"rendered":"\n<p>Aux \u00c9tats-Unis, le message de Donald Trump sur son r\u00e9seau Truth Social vendredi est au c\u0153ur des d\u00e9bats : \u00ab\u00a0<em>Si vous me cherchez, je vous traquerai.<\/em>\u00a0\u00bb Le procureur sp\u00e9cial Jack Smith a fait une demande d&rsquo;ordonnance conservatoire pour emp\u00eacher l&rsquo;ancien pr\u00e9sident d&rsquo;utiliser les \u00e9l\u00e9ments du dossier en public et de menacer des individus. Ses d\u00e9fenseurs parlent d&rsquo;une attaque contre la libert\u00e9 d&rsquo;expression.<\/p>\n\n\n\n<p><em>Avec <strong>Thomas Harms<\/strong><\/em> <em>correspondant RFI aux \u00c9tats-Unis,\u00a0<\/em><\/p>\n\n\n\n<p>John Lauro, l&rsquo;un des deux avocats de Donald Trump, a fait le tour de cinq \u00e9missions politiques dominicales&nbsp;\u2013 ABC, NBC, CNN, CBS, FOX&nbsp;\u2013 pour expliquer la strat\u00e9gie de d\u00e9fense de l&rsquo;ancien pr\u00e9sident am\u00e9ricain : la libert\u00e9 d&rsquo;expression.<\/p>\n\n\n\n<p>Donald Trump n&rsquo;aurait rien ordonn\u00e9, juste sugg\u00e9r\u00e9 \u00e0 ses interlocuteurs des mani\u00e8res de proc\u00e9der. D&rsquo;autant qu&rsquo;en \u00e9tant convaincu d&rsquo;avoir gagn\u00e9 l&rsquo;\u00e9lection de 2020, tout serait alors couvert par le premier amendement.<\/p>\n\n\n\n<p>\u00ab&nbsp;<em>Quand il a protest\u00e9 vis-\u00e0-vis des r\u00e9sultats de l&rsquo;\u00e9lection de 2020, c&rsquo;\u00e9tait de la pure libert\u00e9 d&rsquo;expression,&nbsp;<\/em>d\u00e9fend Me Lauro.<em>&nbsp;Le pr\u00e9sident Donald Trump n&rsquo;a pas ordonn\u00e9 \u00e0 son vice-pr\u00e9sident Mike Pence de faire quoi que ce soit. Il lui a demand\u00e9 de mettre le vote en pause, de fa\u00e7on \u00ab\u00a0inspirationnelle\u00a0\u00bb. Demander est prot\u00e9g\u00e9 par le premier amendement.&nbsp;<\/em>\u00bb<\/p>\n\n\n\n<p>Dans plusieurs \u00e9missions politiques \u00e9galement, l&rsquo;ancien vice-pr\u00e9sident Mike Pence bat en br\u00e8che la d\u00e9fense de son ancien patron. Selon lui, il n&rsquo;a pas \u00e9t\u00e9 question de pause, mais bien d&rsquo;une modification du r\u00e9sultat de l&rsquo;\u00e9lection.<\/p>\n\n\n\n<p>\u00ab&nbsp;<em>Ses avocats ont sugg\u00e9r\u00e9 que l&rsquo;on renvoie les votes aux \u00c9tats,<\/em>&nbsp;dit-il.&nbsp;<em>Mais franchement, si ma m\u00e9moire est bonne, la veille du 6&nbsp;janvier, ses avocats sont revenus vers moi et m&rsquo;ont dit de rejeter des votes, ils me demandaient d&rsquo;inverser l&rsquo;\u00e9lection.<\/em>&nbsp;\u00bb<\/p>\n\n\n\n<p>Mike Pence, actuellement cr\u00e9dit\u00e9 de 5% des votes \u00e0 la primaire r\u00e9publicaine, n&rsquo;a pour l&rsquo;instant aucune intention de t\u00e9moigner \u00e0 charge. En revanche, l&rsquo;ancien ministre de la Justice Bill Barr, accus\u00e9 par Trump d&rsquo;\u00eatre un l\u00e2che, s&rsquo;est dit pr\u00eat \u00e0 t\u00e9moigner.<\/p>\n\n\n\n<p>De son c\u00f4t\u00e9, Donald Trump caracole actuellement en t\u00eate de la primaire avec 53% d&rsquo;intentions de vote. Sur son r\u00e9seau Truth Social, l&rsquo;ancien pr\u00e9sident a poursuivi sa qu\u00eate en victimisation en attaquant la juge charg\u00e9e de son dossier. Il r\u00e9clame qu&rsquo;elle se r\u00e9cuse.<\/p>\n\n\n\n<p><\/p>\n","protected":false},"excerpt":{"rendered":"<p>Aux \u00c9tats-Unis, le message de Donald Trump sur son r\u00e9seau Truth Social vendredi est au c\u0153ur des d\u00e9bats : \u00ab\u00a0Si<\/p>\n","protected":false},"author":1,"featured_media":3308,"comment_status":"open","ping_status":"open","sticky":false,"template":"","format":"standard","meta":{"footnotes":""},"categories":[6],"tags":[],"class_list":["post-18305","post","type-post","status-publish","format-standard","has-post-thumbnail","hentry","category-politics"],"_links":{"self":[{"href":"https:\/\/dekkbi.com\/index.php?rest_route=\/wp\/v2\/posts\/18305","targetHints":{"allow":["GET"]}}],"collection":[{"href":"https:\/\/dekkbi.com\/index.php?rest_route=\/wp\/v2\/posts"}],"about":[{"href":"https:\/\/dekkbi.com\/index.php?rest_route=\/wp\/v2\/types\/post"}],"author":[{"embeddable":true,"href":"https:\/\/dekkbi.com\/index.php?rest_route=\/wp\/v2\/users\/1"}],"replies":[{"embeddable":true,"href":"https:\/\/dekkbi.com\/index.php?rest_route=%2Fwp%2Fv2%2Fcomments&post=18305"}],"version-history":[{"count":1,"href":"https:\/\/dekkbi.com\/index.php?rest_route=\/wp\/v2\/posts\/18305\/revisions"}],"predecessor-version":[{"id":18306,"href":"https:\/\/dekkbi.com\/index.php?rest_route=\/wp\/v2\/posts\/18305\/revisions\/18306"}],"wp:featuredmedia":[{"embeddable":true,"href":"https:\/\/dekkbi.com\/index.php?rest_route=\/wp\/v2\/media\/3308"}],"wp:attachment":[{"href":"https:\/\/dekkbi.com\/index.php?rest_route=%2Fwp%2Fv2%2Fmedia&parent=18305"}],"wp:term":[{"taxonomy":"category","embeddable":true,"href":"https:\/\/dekkbi.com\/index.php?rest_route=%2Fwp%2Fv2%2Fcategories&post=18305"},{"taxonomy":"post_tag","embeddable":true,"href":"https:\/\/dekkbi.com\/index.php?rest_route=%2Fwp%2Fv2%2Ftags&post=18305"}],"curies":[{"name":"wp","href":"https:\/\/api.w.org\/{rel}","templated":true}]}}