{"id":18295,"date":"2023-08-07T09:29:15","date_gmt":"2023-08-07T09:29:15","guid":{"rendered":"https:\/\/dekkbi.com\/?p=18295"},"modified":"2023-08-07T09:29:16","modified_gmt":"2023-08-07T09:29:16","slug":"fatick-dioule-en-quete-de-changement-lelectrification-au-centre-des-preoccupations-des-habitants","status":"publish","type":"post","link":"https:\/\/dekkbi.com\/?p=18295","title":{"rendered":"Fatick\/ Dioul\u00e9 en qu\u00eate de changement: L&rsquo;\u00e9lectrification au centre des pr\u00e9occupations des habitants"},"content":{"rendered":"\n<p>Loin des projecteurs urbains, Dioul\u00e9, une commune nich\u00e9e dans l&rsquo;arrondissement de Ndiob, \u00e0 17 kilom\u00e8tres de la ville de Fatick, lutte pour \u00e9merger de l&rsquo;obscurit\u00e9. D\u00e9pourvue d&rsquo;\u00e9lectricit\u00e9 et confront\u00e9e \u00e0 des conditions de vie pr\u00e9caires, cette communaut\u00e9 s&rsquo;organise pour am\u00e9liorer sa situation. Un collectif s&rsquo;est form\u00e9 pour l&rsquo;\u00e9lectrification des villages et pour l&rsquo;am\u00e9lioration globale des conditions de vie.<\/p>\n\n\n\n<p>Avec 33 villages et plus de 60 hameaux, Dioul\u00e9 est une mosa\u00efque de vie rurale dynamique. Cependant, la privation d&rsquo;\u00e9lectricit\u00e9 se traduit par des d\u00e9savantages majeurs, allant des pertes \u00e9conomiques \u00e0 l&rsquo;exclusion num\u00e9rique. Le manque d&rsquo;acc\u00e8s \u00e0 l&rsquo;\u00e9lectricit\u00e9 signifie non seulement l&rsquo;absence d&rsquo;\u00e9clairage, mais \u00e9galement la privation d&rsquo;opportunit\u00e9s telles que la communication t\u00e9l\u00e9phonique et la r\u00e9frig\u00e9ration, qui sont devenues cruciales \u00e0 l&rsquo;\u00e8re moderne.<\/p>\n\n\n\n<p>Face \u00e0 cette r\u00e9alit\u00e9, un collectif a pris naissance, portant le r\u00eave de l&rsquo;\u00e9lectrification et de l&rsquo;am\u00e9lioration des conditions de vie. Sous la coordination de Badara Ndiaye, qui s&rsquo;est confi\u00e9 \u00e0 leral.net, ce groupe se bat pour rendre chaque village et hameau \u00e9clair\u00e9, tout en agissant pour l&rsquo;am\u00e9lioration globale des infrastructures et des services.<\/p>\n\n\n\n<p>Le coordonnateur du collectif des villages non-\u00e9lectrifi\u00e9s de Dioul\u00e9 souligne que l&rsquo;absence d&rsquo;un r\u00e9seau \u00e9lectrique stable entrave le d\u00e9veloppement de la commune, limitant les possibilit\u00e9s d&rsquo;investissement dans divers secteurs. Bien que la collectivit\u00e9 territoriale abrite deux postes de sant\u00e9 fonctionnels, l&rsquo;absence d&rsquo;ambulance expose les r\u00e9sidents \u00e0 des risques en cas d&rsquo;urgence m\u00e9dicale. Malgr\u00e9 les tractations et les circonstances, le collectif parvient \u00e0 organiser une marche le 31 juillet pass\u00e9, \u00e0 laquelle la population a r\u00e9pondu massivement. La population a exprim\u00e9 son m\u00e9contentement, demandant \u00e0 l&rsquo;\u00c9tat d&rsquo;intervenir rapidement et de fournir des solutions concr\u00e8tes pour am\u00e9liorer la vie dans la commune.<\/p>\n\n\n\n<p>L&rsquo;histoire de Dioul\u00e9 refl\u00e8te le d\u00e9fi universel de l&rsquo;acc\u00e8s \u00e0 l&rsquo;\u00e9nergie et \u00e0 des conditions de vie d\u00e9centes dans les r\u00e9gions rurales. Les efforts du collectif et le plaidoyer pour l&rsquo;intervention de l&rsquo;\u00c9tat illustrent le pouvoir de la mobilisation communautaire pour cr\u00e9er un changement significatif.<\/p>\n\n\n\n<p><strong>Birame Khary Ndaw<\/strong><\/p>\n\n\n\n<p>LERAL<\/p>\n","protected":false},"excerpt":{"rendered":"<p>Loin des projecteurs urbains, Dioul\u00e9, une commune nich\u00e9e dans l&rsquo;arrondissement de Ndiob, \u00e0 17 kilom\u00e8tres de la ville de Fatick,<\/p>\n","protected":false},"author":1,"featured_media":18296,"comment_status":"open","ping_status":"open","sticky":false,"template":"","format":"standard","meta":{"footnotes":""},"categories":[21],"tags":[],"class_list":["post-18295","post","type-post","status-publish","format-standard","has-post-thumbnail","hentry","category-societe"],"_links":{"self":[{"href":"https:\/\/dekkbi.com\/index.php?rest_route=\/wp\/v2\/posts\/18295","targetHints":{"allow":["GET"]}}],"collection":[{"href":"https:\/\/dekkbi.com\/index.php?rest_route=\/wp\/v2\/posts"}],"about":[{"href":"https:\/\/dekkbi.com\/index.php?rest_route=\/wp\/v2\/types\/post"}],"author":[{"embeddable":true,"href":"https:\/\/dekkbi.com\/index.php?rest_route=\/wp\/v2\/users\/1"}],"replies":[{"embeddable":true,"href":"https:\/\/dekkbi.com\/index.php?rest_route=%2Fwp%2Fv2%2Fcomments&post=18295"}],"version-history":[{"count":1,"href":"https:\/\/dekkbi.com\/index.php?rest_route=\/wp\/v2\/posts\/18295\/revisions"}],"predecessor-version":[{"id":18297,"href":"https:\/\/dekkbi.com\/index.php?rest_route=\/wp\/v2\/posts\/18295\/revisions\/18297"}],"wp:featuredmedia":[{"embeddable":true,"href":"https:\/\/dekkbi.com\/index.php?rest_route=\/wp\/v2\/media\/18296"}],"wp:attachment":[{"href":"https:\/\/dekkbi.com\/index.php?rest_route=%2Fwp%2Fv2%2Fmedia&parent=18295"}],"wp:term":[{"taxonomy":"category","embeddable":true,"href":"https:\/\/dekkbi.com\/index.php?rest_route=%2Fwp%2Fv2%2Fcategories&post=18295"},{"taxonomy":"post_tag","embeddable":true,"href":"https:\/\/dekkbi.com\/index.php?rest_route=%2Fwp%2Fv2%2Ftags&post=18295"}],"curies":[{"name":"wp","href":"https:\/\/api.w.org\/{rel}","templated":true}]}}