{"id":18283,"date":"2023-08-05T11:39:46","date_gmt":"2023-08-05T11:39:46","guid":{"rendered":"https:\/\/dekkbi.com\/?p=18283"},"modified":"2023-08-05T11:39:47","modified_gmt":"2023-08-05T11:39:47","slug":"niger-les-putschistes-ont-jusqua-demain-pour-renoncer-a-leur-aventurisme-affirme-catherine-colonna","status":"publish","type":"post","link":"https:\/\/dekkbi.com\/?p=18283","title":{"rendered":"Niger: \u00abLes putschistes ont jusqu&rsquo;\u00e0 demain pour renoncer \u00e0 leur aventurisme\u00bb, affirme Catherine Colonna"},"content":{"rendered":"\n<p>Une rencontre a eu lieu ce samedi matin 5 ao\u00fbt entre la ministre fran\u00e7aise des Affaires \u00e9trang\u00e8res Catherine Colonna et le Premier ministre nig\u00e9rien Ouhoumoudou Mahamadou au sujet de la situation au Niger, apr\u00e8s le coup d&rsquo;\u00c9tat du 26 juillet. Le temps presse, car demain dimanche expire l&rsquo;ultimatum de la C\u00e9d\u00e9ao. La communaut\u00e9 ouest-africaine avait laiss\u00e9 sept jours aux mutins pour rendre le pouvoir. L&rsquo;organisation se dit maintenant pr\u00eate \u00e0 une \u00ab \u00e9ventuelle intervention militaire \u00bb pour d\u00e9loger les putschistes, alors que le pr\u00e9sident nig\u00e9rien \u00e9lu Mohamed Bazoum est toujours retenu dans sa r\u00e9sidence. La ministre fran\u00e7aise des Affaires \u00e9trang\u00e8res demande aux militaires de renoncer au pouvoir.<\/p>\n\n\n\n<p><strong>RFI : Vous avez rencontr\u00e9 le Premier ministre nig\u00e9rien, y a-t-il des d\u00e9cisions qui ont \u00e9t\u00e9 prises avec lui et vous a-t-il donn\u00e9 des nouvelles du pr\u00e9sident Bazoum ?<\/strong><\/p>\n\n\n\n<p><strong>Catherine Colonna :\u00a0<\/strong>Je viens en effet de rencontrer le Premier ministre du Niger qui est \u00e0 Paris, puisqu\u2019il n\u2019a pas pu rentrer dans son pays. Il se trouvait en Italie au moment de la tentative de coup d\u2019\u00c9tat, lorsqu\u2019elle a d\u00e9marr\u00e9, pour repr\u00e9senter le Niger dans des conf\u00e9rences internationales : la conf\u00e9rence sur la s\u00e9curit\u00e9 alimentaire, qui se d\u00e9roulait \u00e0 Rome. C\u2019est le gouvernement l\u00e9gitime du Niger qui est notre interlocuteur, tout comme l\u2019est le pr\u00e9sident d\u00e9mocratiquement \u00e9lu, qui est le pr\u00e9sident Bazoum. Donc le Premier ministre et moi venons de nous entretenir de la situation pour \u00e9changer nos analyses, pour constater que la communaut\u00e9 internationale est unanime, comme les pays de la r\u00e9gion le sont, \u00e0 condamner cette tentative, \u00e0 condamner cette aventure men\u00e9e par quelques militaires au Niger. Et pour demander le retour imm\u00e9diat \u00e0 l\u2019ordre constitutionnel, demander la restauration de la d\u00e9mocratie au Niger et assorti \u00e0 ces demandes tr\u00e8s claires, d\u2019une part, des mesures qui sont d\u2019ores et d\u00e9j\u00e0 appliqu\u00e9es par la C\u00e9d\u00e9ao, et \u00e9galement, assorti d\u2019un d\u00e9lai, d\u2019une menace qu\u2019il faut prendre tr\u00e8s au s\u00e9rieux d\u2019intervention d\u2019une force r\u00e9gionale si les putschistes devaient ne pas \u00e9couter les demandes des chefs d\u2019\u00c9tat de la r\u00e9gion, et devaient ne pas restaurer la d\u00e9mocratie imm\u00e9diatement, c\u2019est-\u00e0-dire dans le d\u00e9lai de sept jours, lequel expire demain, dimanche.<\/p>\n\n\n\n<p><\/p>\n","protected":false},"excerpt":{"rendered":"<p>Une rencontre a eu lieu ce samedi matin 5 ao\u00fbt entre la ministre fran\u00e7aise des Affaires \u00e9trang\u00e8res Catherine Colonna et<\/p>\n","protected":false},"author":1,"featured_media":18284,"comment_status":"open","ping_status":"open","sticky":false,"template":"","format":"standard","meta":{"footnotes":""},"categories":[51],"tags":[],"class_list":["post-18283","post","type-post","status-publish","format-standard","has-post-thumbnail","hentry","category-general"],"_links":{"self":[{"href":"https:\/\/dekkbi.com\/index.php?rest_route=\/wp\/v2\/posts\/18283","targetHints":{"allow":["GET"]}}],"collection":[{"href":"https:\/\/dekkbi.com\/index.php?rest_route=\/wp\/v2\/posts"}],"about":[{"href":"https:\/\/dekkbi.com\/index.php?rest_route=\/wp\/v2\/types\/post"}],"author":[{"embeddable":true,"href":"https:\/\/dekkbi.com\/index.php?rest_route=\/wp\/v2\/users\/1"}],"replies":[{"embeddable":true,"href":"https:\/\/dekkbi.com\/index.php?rest_route=%2Fwp%2Fv2%2Fcomments&post=18283"}],"version-history":[{"count":1,"href":"https:\/\/dekkbi.com\/index.php?rest_route=\/wp\/v2\/posts\/18283\/revisions"}],"predecessor-version":[{"id":18285,"href":"https:\/\/dekkbi.com\/index.php?rest_route=\/wp\/v2\/posts\/18283\/revisions\/18285"}],"wp:featuredmedia":[{"embeddable":true,"href":"https:\/\/dekkbi.com\/index.php?rest_route=\/wp\/v2\/media\/18284"}],"wp:attachment":[{"href":"https:\/\/dekkbi.com\/index.php?rest_route=%2Fwp%2Fv2%2Fmedia&parent=18283"}],"wp:term":[{"taxonomy":"category","embeddable":true,"href":"https:\/\/dekkbi.com\/index.php?rest_route=%2Fwp%2Fv2%2Fcategories&post=18283"},{"taxonomy":"post_tag","embeddable":true,"href":"https:\/\/dekkbi.com\/index.php?rest_route=%2Fwp%2Fv2%2Ftags&post=18283"}],"curies":[{"name":"wp","href":"https:\/\/api.w.org\/{rel}","templated":true}]}}