{"id":18232,"date":"2023-08-04T11:21:49","date_gmt":"2023-08-04T11:21:49","guid":{"rendered":"https:\/\/dekkbi.com\/?p=18232"},"modified":"2023-08-04T11:21:50","modified_gmt":"2023-08-04T11:21:50","slug":"gymnastique-a-un-an-des-jeux-la-legende-biles-renoue-avec-la-competition","status":"publish","type":"post","link":"https:\/\/dekkbi.com\/?p=18232","title":{"rendered":"Gymnastique: \u00e0 un an des Jeux, la l\u00e9gende Biles renoue avec la comp\u00e9tition"},"content":{"rendered":"\n<p>La superstar de la gymnastique mondiale Simone Biles, qui n&rsquo;a particip\u00e9 \u00e0 aucune comp\u00e9tition depuis les Jeux olympiques de Tokyo en 2021, fait son retour samedi \u00e0 l&rsquo;US Classic \u00e0 Chicago, possible premi\u00e8re \u00e9tape sur la route des Jeux olympiques de Paris.<\/p>\n\n\n\n<p>Quadruple m\u00e9daill\u00e9e d&rsquo;or olympique et 19 fois m\u00e9daill\u00e9e d&rsquo;or aux championnats du monde, l&rsquo;Am\u00e9ricaine s&rsquo;\u00e9tait retir\u00e9e de la plupart des \u00e9preuves au Japon pour des raisons de sant\u00e9 mentale et de s\u00e9curit\u00e9.<\/p>\n\n\n\n<p>A Tokyo, elle avait renonc\u00e9 successivement \u00e0 la comp\u00e9tition par \u00e9quipes, au concours g\u00e9n\u00e9ral, au saut, aux barres asym\u00e9triques et au sol, quittant la sc\u00e8ne olympique loin de ses ambitions initiales, malgr\u00e9 une m\u00e9daille de bronze \u00e0 la poutre.<\/p>\n\n\n\n<p>Star plan\u00e9taire dont l&rsquo;aura d\u00e9passe largement la gymnastique, elle avait ensuite confi\u00e9 avoir eu l&rsquo;impression d&rsquo;avoir \u00ab\u00a0le poids du monde sur les \u00e9paules\u00a0\u00bb.<\/p>\n\n\n\n<p>Simone Biles, 26 ans, a expliqu\u00e9 ses probl\u00e8mes par une attaque de \u00ab\u00a0twisties\u00a0\u00bb, dangereuses pertes de rep\u00e8res dans l&rsquo;espace exposant les athl\u00e8tes \u00e0 un risque de blessure lorsqu&rsquo;ils atterrissent.<\/p>\n\n\n\n<p>\u00ab\u00a0C&rsquo;est la sensation la plus folle qui soit\u00a0\u00bb, a d\u00e9crit Biles en 2021.<\/p>\n\n\n\n<p>\u00ab\u00a0Ce qui est encore plus effrayant, c&rsquo;est qu&rsquo;avec cette perte de rep\u00e8res, je n&rsquo;ai aucune id\u00e9e de la fa\u00e7on dont je vais atterrir, ni m\u00eame sur quoi je vais atterrir\u00a0\u00bb, avait-elle ajout\u00e9.<\/p>\n\n\n\n<h2 class=\"wp-block-heading\">\u00ab\u00a0Tout va bien\u00a0\u00bb<\/h2>\n\n\n\n<p>La d\u00e9cision de Biles de se retirer de la comp\u00e9tition avait contribu\u00e9 \u00e0 mettre en avant le sujet de la sant\u00e9 mentale des sportifs de haut niveau.<\/p>\n\n\n\n<p>Apr\u00e8s avoir confirm\u00e9 son retour le mois dernier, elle a dit toujours suivre une th\u00e9rapie pour l&rsquo;aider \u00e0 \u00ab\u00a0g\u00e9rer l&rsquo;aspect mental\u00a0\u00bb de son quotidien.<\/p>\n\n\n\n<figure class=\"wp-block-image\"><img decoding=\"async\" src=\"https:\/\/information.tv5monde.com\/sites\/tv5-info\/files\/styles\/entete\/public\/2023-08\/field_media_image-2739449-22cd2938d00f0dc85454fdb85f0258f92b782569.jpg?itok=jlTHTqMY\" alt=\"L'Am\u00e9ricaine Simone Biles lors du concours g\u00e9n\u00e9ral par \u00e9quipe des Jeux de Tokyo le 27 juillet 2021.\" title=\"L'Am\u00e9ricaine Simone Biles lors du concours g\u00e9n\u00e9ral par \u00e9quipe des Jeux de Tokyo le 27 juillet 2021.\"\/><\/figure>\n\n\n\n<p>L&rsquo;Am\u00e9ricaine Simone Biles lors du concours g\u00e9n\u00e9ral par \u00e9quipe des Jeux de Tokyo le 27 juillet 2021. La superstar de la gymnastique mondiale s&rsquo;\u00e9tait retir\u00e9e de la plupart des \u00e9preuves au Japon, invoquant sa sant\u00e9 mentale et disant lutter contre des \u00ab\u00a0pertes de figure\u00a0\u00bb, une perte temporaire et brutale de tout rep\u00e8re das l&rsquo;espace<\/p>\n\n\n\n<p>AFP\/Archives<\/p>\n\n\n\n<p>Martin BUREAU<\/p>\n\n\n\n<p>\u00ab\u00a0Je fais beaucoup de th\u00e9rapie, j&rsquo;y vais une fois par semaine pendant pr\u00e8s de deux heures\u00a0\u00bb, a-t-elle d\u00e9clar\u00e9 sur son compte Instagram.<\/p>\n\n\n\n<p>\u00ab\u00a0J&rsquo;ai eu tant de traumatismes, qu&rsquo;\u00eatre capable de travailler dessus et de travailler sur leur gu\u00e9rison est une b\u00e9n\u00e9diction\u00a0\u00bb, a ajout\u00e9 Biles.<\/p>\n\n\n\n<p>Simone Biles avait r\u00e9v\u00e9l\u00e9 faire partie des victimes de l&rsquo;ex-m\u00e9decin de l&rsquo;\u00e9quipe f\u00e9minine am\u00e9ricaine Larry Nassar, condamn\u00e9 \u00e0 la prison \u00e0 vie pour des agressions sexuelles commises durant deux d\u00e9cennies sur plus de 250 gymnastes, la plupart mineures.<\/p>\n\n\n\n<p>Dans une s\u00e9ance de questions-r\u00e9ponses avec ses fans sur Instagram le week-end dernier, Biles a aussi affirm\u00e9 que sa peur des \u00ab\u00a0twisties\u00a0\u00bb \u00e9tait d\u00e9sormais derri\u00e8re elle, admettant avoir \u00e9t\u00e9 nerveuse en retournant \u00e0 la salle de sport.<\/p>\n\n\n\n<p>\u00ab\u00a0Quand les +twisties+ apparaissaient, j&rsquo;allais tout de suite \u00e0 la salle de sport et j&rsquo;essayais de travailler dessus. J&rsquo;ai pris plus d&rsquo;un an de cong\u00e9s, donc j&rsquo;\u00e9tais p\u00e9trifi\u00e9e avant de reprendre\u00a0\u00bb, a-t-elle racont\u00e9.<\/p>\n\n\n\n<p>\u00ab\u00a0Mais je vais bien. J&rsquo;ai recommenc\u00e9 \u00e0 faire des torsions. Pas d&rsquo;inqui\u00e9tude, tout va bien\u00a0\u00bb, a rassur\u00e9 la sportive.<\/p>\n\n\n\n<p>Le calendrier de Simone Biles, apr\u00e8s ce premier week-end de comp\u00e9tition \u00e0 Chicago, reste incertain, sa participation aux Jeux olympiques de Paris l&rsquo;ann\u00e9e prochaine \u00e9tant encore en suspens.<\/p>\n\n\n\n<p>\u00ab\u00a0Pour Paris, pour l&rsquo;instant, je dirais que j&rsquo;y serai quoi qu&rsquo;il arrive\u00a0\u00bb, avait d\u00e9clar\u00e9 l&rsquo;Am\u00e9ricaine lors d&rsquo;une interview en septembre 2022, sans savoir \u00ab\u00a0si ce sera en tant que sportive ou en tant que spectatrice\u00a0\u00bb.<\/p>\n\n\n\n<p>L&rsquo;US Classic est l&rsquo;un des \u00e9v\u00e9nements les plus prestigieux du calendrier am\u00e9ricain, r\u00e9p\u00e9tition g\u00e9n\u00e9rale avant les Championnats des Etats-Unis, pr\u00e9vus cette ann\u00e9e fin ao\u00fbt \u00e0 San Jose.<\/p>\n\n\n\n<p>C&rsquo;est d\u00e9j\u00e0 lors de cette comp\u00e9tition que Biles avait fait son retour en 2018, apr\u00e8s deux ann\u00e9es de pause suite aux Jeux de Rio en 2016.<\/p>\n\n\n\n<p>La championne olympique en titre du concours g\u00e9n\u00e9ral, Sunisa Lee, qui a lutt\u00e9 cette ann\u00e9e contre un probl\u00e8me de sant\u00e9 aux reins, fera \u00e9galement son retour \u00e0 la comp\u00e9tition ce week-end.<\/p>\n","protected":false},"excerpt":{"rendered":"<p>La superstar de la gymnastique mondiale Simone Biles, qui n&rsquo;a particip\u00e9 \u00e0 aucune comp\u00e9tition depuis les Jeux olympiques de Tokyo<\/p>\n","protected":false},"author":1,"featured_media":18233,"comment_status":"open","ping_status":"open","sticky":false,"template":"","format":"standard","meta":{"footnotes":""},"categories":[9],"tags":[],"class_list":["post-18232","post","type-post","status-publish","format-standard","has-post-thumbnail","hentry","category-sports"],"_links":{"self":[{"href":"https:\/\/dekkbi.com\/index.php?rest_route=\/wp\/v2\/posts\/18232","targetHints":{"allow":["GET"]}}],"collection":[{"href":"https:\/\/dekkbi.com\/index.php?rest_route=\/wp\/v2\/posts"}],"about":[{"href":"https:\/\/dekkbi.com\/index.php?rest_route=\/wp\/v2\/types\/post"}],"author":[{"embeddable":true,"href":"https:\/\/dekkbi.com\/index.php?rest_route=\/wp\/v2\/users\/1"}],"replies":[{"embeddable":true,"href":"https:\/\/dekkbi.com\/index.php?rest_route=%2Fwp%2Fv2%2Fcomments&post=18232"}],"version-history":[{"count":1,"href":"https:\/\/dekkbi.com\/index.php?rest_route=\/wp\/v2\/posts\/18232\/revisions"}],"predecessor-version":[{"id":18234,"href":"https:\/\/dekkbi.com\/index.php?rest_route=\/wp\/v2\/posts\/18232\/revisions\/18234"}],"wp:featuredmedia":[{"embeddable":true,"href":"https:\/\/dekkbi.com\/index.php?rest_route=\/wp\/v2\/media\/18233"}],"wp:attachment":[{"href":"https:\/\/dekkbi.com\/index.php?rest_route=%2Fwp%2Fv2%2Fmedia&parent=18232"}],"wp:term":[{"taxonomy":"category","embeddable":true,"href":"https:\/\/dekkbi.com\/index.php?rest_route=%2Fwp%2Fv2%2Fcategories&post=18232"},{"taxonomy":"post_tag","embeddable":true,"href":"https:\/\/dekkbi.com\/index.php?rest_route=%2Fwp%2Fv2%2Ftags&post=18232"}],"curies":[{"name":"wp","href":"https:\/\/api.w.org\/{rel}","templated":true}]}}