{"id":18194,"date":"2023-08-04T10:06:20","date_gmt":"2023-08-04T10:06:20","guid":{"rendered":"https:\/\/dekkbi.com\/?p=18194"},"modified":"2023-08-04T10:06:21","modified_gmt":"2023-08-04T10:06:21","slug":"etats-unis-donald-trump-plaide-non-coupable-et-contre-attaque","status":"publish","type":"post","link":"https:\/\/dekkbi.com\/?p=18194","title":{"rendered":"\u00c9tats-Unis: Donald Trump plaide non coupable et contre-attaque"},"content":{"rendered":"\n<p>L&rsquo;ancien pr\u00e9sident am\u00e9ricain Donald Trump, favori des r\u00e9publicains pour reconqu\u00e9rir la Maison Blanche, a plaid\u00e9 non coupable, ce jeudi 3 ao\u00fbt, devant un tribunal f\u00e9d\u00e9ral, face \u00e0 des accusations in\u00e9dites li\u00e9es aux r\u00e9sultats de l&rsquo;\u00e9lection de 2020. Selon lui, il s&rsquo;agit d&rsquo;une \u00ab\u00a0<em>pers\u00e9cution d&rsquo;un opposant politique<\/em>\u00a0\u00bb. La prochaine audience est fix\u00e9e au 28 ao\u00fbt.<\/p>\n\n\n\n<p>La sc\u00e8ne a eu lieu dans un tribunal f\u00e9d\u00e9ral pr\u00e8s du Capitole, le si\u00e8ge du Congr\u00e8s, pris d&rsquo;assaut par des centaines de partisans\u00a0<strong>pour emp\u00eacher la certification de la victoire de Joe Biden<\/strong>, le 6 janvier 2021.<\/p>\n\n\n\n<p>Lors d&rsquo;une comparution p\u00e9nale historique, Donald Trump a r\u00e9pondu, debout, \u00ab&nbsp;<em>non coupable<\/em>&nbsp;\u00bb, \u00e0 la lecture par la juge Moxila Upadhyaya des chefs d&rsquo;accusation et des peines de prison qu&rsquo;il encourt.<\/p>\n\n\n\n<p>\u00ab\u00a0<em>Les pr\u00e9sidents ne sont pas des rois<\/em>\u00a0\u00bb, pouvait-on lire sur une pancarte brandie par un manifestant aux environs, en r\u00e9f\u00e9rence \u00e0 une phrase prononc\u00e9e par la juge en novembre 2021 pour rejeter une demande de Donald Trump de bloquer la divulgation d&rsquo;informations sur ses agissements lors de\u00a0<strong>l&rsquo;assaut du Capitole<\/strong>.<\/p>\n\n\n\n<p>\u00c9tats-Unis: les Am\u00e9ricains oppos\u00e9s \u00e0 Donald Trump r\u00e9unis devant le tribunal de Washington avant la comparution de l&rsquo;ancien pr\u00e9sident Guillaume Naudin<\/p>\n\n\n\n<p><\/p>\n\n\n\n<h2 class=\"wp-block-heading\">Prochaine audience le 28 ao\u00fbt<\/h2>\n\n\n\n<p>L&rsquo;acte d&rsquo;accusation de 45 pages a \u00e9t\u00e9 publi\u00e9 mardi. Il parle d&rsquo;un \u00ab&nbsp;<em>projet criminel&nbsp;<\/em>\u00bb, et reproche aussi \u00e0 Donald Trump d&rsquo;avoir sap\u00e9 les fondements de la d\u00e9mocratie dans son pays, en tentant d&rsquo;alt\u00e9rer le processus de comptabilisation des suffrages de plus de 150 millions d&rsquo;Am\u00e9ricains.<\/p>\n\n\n\n<p>\u00c0 la sortie de l&rsquo;audience, Donald Trump a parl\u00e9 d&rsquo;un \u00ab&nbsp;<em>jour tr\u00e8s triste<\/em>&nbsp;\u00bb pour les \u00c9tats-Unis. Il se dit pers\u00e9cut\u00e9, en tant qu&rsquo;opposant politique, par l&rsquo;administration de son successeur d\u00e9mocrate, Joe Biden.<\/p>\n\n\n\n<p>00:40<\/p>\n\n\n\n<p>\u00c9tats-Unis: Donald Trump se dit pers\u00e9cut\u00e9<\/p>\n\n\n\n<p>Prochaine audience fix\u00e9e ce jour au 28 ao\u00fbt, pour d\u00e9terminer la date du proc\u00e8s de l&rsquo;ancien pr\u00e9sident. Ce rendez-vous se tiendra sous l&rsquo;autorit\u00e9 de la juge f\u00e9d\u00e9rale Tanya Chutkan, qui pr\u00e9sidera les d\u00e9bats au proc\u00e8s.<\/p>\n\n\n\n<p>Son unique tort, estime Donald Trump, comme il l&rsquo;a \u00e9crit sur son r\u00e9seau Truth Social, est d&rsquo;avoir \u00ab&nbsp;<em>contest\u00e9 une \u00e9lection truqu\u00e9e. Juridiction injuste, juge injuste.<\/em>&nbsp;\u00bb \u00ab&nbsp;<em>Je peux assurer \u00e0 tout le monde qu&rsquo;il y aura un processus et un proc\u00e8s \u00e9quitable<\/em>&nbsp;\u00bb, a d\u00e9clar\u00e9 ce jeudi la juge Moxila Upadhyaya, \u00e0 Washington.<\/p>\n\n\n\n<p>La d\u00e9fense souhaiterait obtenir du temps, en vue d&rsquo;\u00e9tudier en profondeur les documents contenus dans le dossier. Les conseils de Donald Trump d\u00e9noncent&nbsp;la demande de proc\u00e8s rapide formul\u00e9e mardi par le procureur sp\u00e9cial Jack Smith, qui a supervis\u00e9 l&rsquo;enqu\u00eate.<\/p>\n\n\n\n<p>D\u00e9j\u00e0, 24 heures avant le d\u00e9but de l&rsquo;audience, les cam\u00e9ras et les camions des m\u00e9dias nationaux et internationaux \u00e9taient d\u00e9ploy\u00e9s sur la place devant le tribunal. Des barri\u00e8res de s\u00e9curit\u00e9 ont \u00e9t\u00e9 dress\u00e9es autour du b\u00e2timent, ainsi qu&rsquo;autour du Capitole.<\/p>\n\n\n\n<p>Plus de six services de police ou agences de s\u00e9curit\u00e9, dont le Secret Service, charg\u00e9 de la protection des hautes personnalit\u00e9s de l&rsquo;\u00c9tat, ont \u00e9t\u00e9 mobilis\u00e9s ce jeudi \u00e0 Washington.<\/p>\n\n\n\n<h2 class=\"wp-block-heading\">Des cons\u00e9quences incertaines<\/h2>\n\n\n\n<p>Contrairement \u00e0 la proc\u00e9dure en cours, les deux autres poursuites p\u00e9nales engag\u00e9es contre lui cette ann\u00e9e, li\u00e9es au\u00a0<strong>possible achat du silence d&rsquo;une actrice de films X<\/strong>\u00a0et \u00e0 sa d\u00e9sinvolture pr\u00e9sum\u00e9e dans le traitement de\u00a0<strong>documents classifi\u00e9s<\/strong>, ne portent pas sur sa p\u00e9riode pass\u00e9e \u00e0 la Maison Blanche.<\/p>\n\n\n\n<p>Le proc\u00e8s \u00e0 venir pourrait par ailleurs se tenir\u00a0<strong>en pleine campagne pr\u00e9sidentielle<\/strong>, alors que Donald Trump caracole en t\u00eate des enqu\u00eates sur les intentions de vote \u00e0 la primaire r\u00e9publicaine, et creuse m\u00eame son avance.<\/p>\n\n\n\n<p><em>(et avec agences)<\/em><\/p>\n","protected":false},"excerpt":{"rendered":"<p>L&rsquo;ancien pr\u00e9sident am\u00e9ricain Donald Trump, favori des r\u00e9publicains pour reconqu\u00e9rir la Maison Blanche, a plaid\u00e9 non coupable, ce jeudi 3<\/p>\n","protected":false},"author":1,"featured_media":3308,"comment_status":"open","ping_status":"open","sticky":false,"template":"","format":"standard","meta":{"footnotes":""},"categories":[51],"tags":[],"class_list":["post-18194","post","type-post","status-publish","format-standard","has-post-thumbnail","hentry","category-general"],"_links":{"self":[{"href":"https:\/\/dekkbi.com\/index.php?rest_route=\/wp\/v2\/posts\/18194","targetHints":{"allow":["GET"]}}],"collection":[{"href":"https:\/\/dekkbi.com\/index.php?rest_route=\/wp\/v2\/posts"}],"about":[{"href":"https:\/\/dekkbi.com\/index.php?rest_route=\/wp\/v2\/types\/post"}],"author":[{"embeddable":true,"href":"https:\/\/dekkbi.com\/index.php?rest_route=\/wp\/v2\/users\/1"}],"replies":[{"embeddable":true,"href":"https:\/\/dekkbi.com\/index.php?rest_route=%2Fwp%2Fv2%2Fcomments&post=18194"}],"version-history":[{"count":1,"href":"https:\/\/dekkbi.com\/index.php?rest_route=\/wp\/v2\/posts\/18194\/revisions"}],"predecessor-version":[{"id":18195,"href":"https:\/\/dekkbi.com\/index.php?rest_route=\/wp\/v2\/posts\/18194\/revisions\/18195"}],"wp:featuredmedia":[{"embeddable":true,"href":"https:\/\/dekkbi.com\/index.php?rest_route=\/wp\/v2\/media\/3308"}],"wp:attachment":[{"href":"https:\/\/dekkbi.com\/index.php?rest_route=%2Fwp%2Fv2%2Fmedia&parent=18194"}],"wp:term":[{"taxonomy":"category","embeddable":true,"href":"https:\/\/dekkbi.com\/index.php?rest_route=%2Fwp%2Fv2%2Fcategories&post=18194"},{"taxonomy":"post_tag","embeddable":true,"href":"https:\/\/dekkbi.com\/index.php?rest_route=%2Fwp%2Fv2%2Ftags&post=18194"}],"curies":[{"name":"wp","href":"https:\/\/api.w.org\/{rel}","templated":true}]}}