{"id":18191,"date":"2023-08-04T09:57:17","date_gmt":"2023-08-04T09:57:17","guid":{"rendered":"https:\/\/dekkbi.com\/?p=18191"},"modified":"2023-08-04T09:57:18","modified_gmt":"2023-08-04T09:57:18","slug":"niger-france-24-et-rfi-denoncent-larret-de-leur-diffusion-dans-le-pays","status":"publish","type":"post","link":"https:\/\/dekkbi.com\/?p=18191","title":{"rendered":"Niger: France 24 et RFI d\u00e9noncent l\u2019arr\u00eat de leur diffusion dans le pays"},"content":{"rendered":"\n<p>Le groupe France M\u00e9dias Monde a d\u00e9nonc\u00e9 jeudi l\u2019interruption de la diffusion des programmes de RFI et France 24 au Niger, \u00ab&nbsp;une d\u00e9cision prise hors de tout cadre conventionnel et l\u00e9gal&nbsp;\u00bb une semaine apr\u00e8s le coup d\u2019Etat, selon un communiqu\u00e9.<\/p>\n\n\n\n<p>Les deux m\u00e9dias \u00e9taient inaccessibles depuis jeudi apr\u00e8s-midi, ont constat\u00e9 des journalistes de l\u2019AFP \u00e0 Niamey. Les signaux de la station RFI en FM et de la cha\u00eene France 24 ont \u00e9t\u00e9 coup\u00e9s \u00ab&nbsp;sur instructions des nouvelles autorit\u00e9s militaires&nbsp;\u00bb, a indiqu\u00e9 \u00e0 l\u2019AFP un haut fonctionnaire nig\u00e9rien.<\/p>\n","protected":false},"excerpt":{"rendered":"<p>Le groupe France M\u00e9dias Monde a d\u00e9nonc\u00e9 jeudi l\u2019interruption de la diffusion des programmes de RFI et France 24 au<\/p>\n","protected":false},"author":1,"featured_media":18192,"comment_status":"open","ping_status":"open","sticky":false,"template":"","format":"standard","meta":{"footnotes":""},"categories":[51],"tags":[],"class_list":["post-18191","post","type-post","status-publish","format-standard","has-post-thumbnail","hentry","category-general"],"_links":{"self":[{"href":"https:\/\/dekkbi.com\/index.php?rest_route=\/wp\/v2\/posts\/18191","targetHints":{"allow":["GET"]}}],"collection":[{"href":"https:\/\/dekkbi.com\/index.php?rest_route=\/wp\/v2\/posts"}],"about":[{"href":"https:\/\/dekkbi.com\/index.php?rest_route=\/wp\/v2\/types\/post"}],"author":[{"embeddable":true,"href":"https:\/\/dekkbi.com\/index.php?rest_route=\/wp\/v2\/users\/1"}],"replies":[{"embeddable":true,"href":"https:\/\/dekkbi.com\/index.php?rest_route=%2Fwp%2Fv2%2Fcomments&post=18191"}],"version-history":[{"count":1,"href":"https:\/\/dekkbi.com\/index.php?rest_route=\/wp\/v2\/posts\/18191\/revisions"}],"predecessor-version":[{"id":18193,"href":"https:\/\/dekkbi.com\/index.php?rest_route=\/wp\/v2\/posts\/18191\/revisions\/18193"}],"wp:featuredmedia":[{"embeddable":true,"href":"https:\/\/dekkbi.com\/index.php?rest_route=\/wp\/v2\/media\/18192"}],"wp:attachment":[{"href":"https:\/\/dekkbi.com\/index.php?rest_route=%2Fwp%2Fv2%2Fmedia&parent=18191"}],"wp:term":[{"taxonomy":"category","embeddable":true,"href":"https:\/\/dekkbi.com\/index.php?rest_route=%2Fwp%2Fv2%2Fcategories&post=18191"},{"taxonomy":"post_tag","embeddable":true,"href":"https:\/\/dekkbi.com\/index.php?rest_route=%2Fwp%2Fv2%2Ftags&post=18191"}],"curies":[{"name":"wp","href":"https:\/\/api.w.org\/{rel}","templated":true}]}}