{"id":18175,"date":"2023-08-04T09:11:25","date_gmt":"2023-08-04T09:11:25","guid":{"rendered":"https:\/\/dekkbi.com\/?p=18175"},"modified":"2023-08-04T09:11:27","modified_gmt":"2023-08-04T09:11:27","slug":"abdou-karim-fofana-porte-parole-du-gouvernement-lex-parti-pastef-est-le-symbole-de-la-division-mais-aussi-de-la-violence","status":"publish","type":"post","link":"https:\/\/dekkbi.com\/?p=18175","title":{"rendered":"Abdou Karim Fofana, porte-parole du gouvernement : \u00abL\u2019ex-parti Pastef est le symbole de la division mais aussi de la violence\u00bb"},"content":{"rendered":"\n<p><strong>Le ministre du Commerce et porte-parole du gouvernement justifie la dissolution du parti Pastef par une apologie excessive de la violence. En conf\u00e9rence de presse hier, jeudi 3 ao\u00fbt 2023, Abdou Karim Fofana, a lourdement charg\u00e9 le parti du maire de Ziguinchor, Ousmane Sonko, actuellement en d\u00e9tention \u00e0 la prison de S\u00e9bikhotane. &nbsp;&nbsp;<\/strong><\/p>\n\n\n\n<p><em>\u00ab<\/em><em>L\u2019ex-parti Pastef est le symbole de la division mais aussi de la violence\u00bb,<\/em>&nbsp;a dit le porte-parole du gouvernement, Abdou Karim Fofana, justifiant la dissolution de cette formation politique. Parlant toujours des raisons \u00e0 l\u2019origine de la dissolution du Pastef, Abdou Karim Fofana d\u2019affirmer&nbsp;: \u00ab<em>nous avons un mouvement politique Pastef qui n\u2019a qu\u2019un triptyque&nbsp;: l\u2019invective, la manipulation et la violence<\/em>\u00bb.<\/p>\n\n\n\n<p>Il ajoute, dans ce sens, que les d\u00e9clarations de son leader, Ousmane Sonko, n\u2019ont pas \u00e9t\u00e9 de nature \u00e0 cr\u00e9er une stabilit\u00e9 politique. Il cite, entre autres, l\u2019invite aux S\u00e9n\u00e9galais d\u2019\u00eatre pr\u00eats pour faire face au r\u00e9gime ou encore celui demandant \u00e0 faire partir le pr\u00e9sident de la R\u00e9publique, Macky Sall, du palais. Au-del\u00e0 de \u00e7a, il cite l\u2019appel exigeant aux jeunes, une r\u00e9sistance aux Forces de d\u00e9fense et de s\u00e9curit\u00e9.<\/p>\n\n\n\n<p>Le porte-parole du gouvernement d\u00e9plore aussi la d\u00e9claration d\u2019Ousmane Sonko appelant l\u2019Arm\u00e9e \u00e0 prendre ses responsabilit\u00e9s. Toujours, selon Abdou Karim Fofana, \u00ab<em>les propos les plus r\u00e9pr\u00e9hensibles sont d\u2019estimer que les jeunes sont assez entrain\u00e9s et qu\u2019il suffit de leur donner des armes pour en faire des combattants<\/em>\u00bb.<\/p>\n\n\n\n<p>Chargeant toujours le Pastef, Abdou Karim Fofana pense que la strat\u00e9gie de d\u00e9fense adopt\u00e9e par le camp du maire de Ziguinchor est la plus violente de l\u2019histoire politique s\u00e9n\u00e9galaise. \u00ab<em>Depuis 2021, un nombre d\u2019appels \u00e0 l\u2019insurrection, une promotion de la violence qui n\u2019a jamais exist\u00e9 au S\u00e9n\u00e9gal. Entre 2021 et 2023, en deux ans, Pastef, son organisation, les appels \u00e0 l\u2019insurrection, ont fait plus de morts que toute l\u2019histoire politique du S\u00e9n\u00e9gal, de 1960 \u00e0 2023. On n\u2019a jamais eu autant de morts, autant de manifestations<\/em>\u00bb, a-t-il avanc\u00e9.<\/p>\n\n\n\n<p>R\u00e9pondant \u00e0 une question sur la dissolution du Pastef, avant le jugement de son leader Ousmane Sonko, arr\u00eat\u00e9 pour appel \u00e0 l\u2019insurrection et d\u2019autres faits, le porte-parole du gouvernement trouve que la dissolution d\u2019un parti politique ne d\u00e9pend pas d\u2019une d\u00e9cision judicaire.&nbsp;<em>\u00abLa dissolution d\u2019un parti n\u2019est pas li\u00e9e \u00e0 un proc\u00e8s&nbsp;; c\u2019est une autorisation administrativ<\/em>e.&nbsp;<em>C\u2019est d\u2019abord une r\u00e9gie de d\u00e9claration&nbsp;: vous avez des obligations et si vous ne les respectez pas, l\u2019autorit\u00e9 administrative a le droit de retirer l\u2019autorisation<\/em>\u00bb.<\/p>\n\n\n\n<p>Une semaine avant l\u2019arrestation de leader du Pastef, Abdou Karim Fofana avait justifi\u00e9 la lev\u00e9e des barri\u00e8res autour de son domicile par une accalmie de la tension politique. Le fait qu\u2019 Ousmane Sonko soit arr\u00eat\u00e9 peu de temps apr\u00e8s est du ressort exclusif du Parquet, a-t-il justifi\u00e9. \u00ab<em>Le Procureur est le ma\u00eetre des poursuites<\/em>.&nbsp;<em>Apr\u00e8s la commission des faits, il a dix ans pour proc\u00e9der \u00e0 une arrestation. C\u2019est au Procureur de voir le moment opportun<\/em>\u00bb.<\/p>\n\n\n\n<p>Abondant dans le m\u00eame sens, le ministre des Affaires \u00e9trang\u00e8res, A\u00efssata Tall soutient&nbsp;: \u00ab<em>il fallait un faisceau d\u2019actes pour soutenir l\u2019infraction. Le gouvernement n\u2019ouvre pas seulement une information parce qu\u2019il veut le faire ou qu\u2019il veut liquider un opposant politique. Dans toutes ses postures, il voit de la fa\u00e7on la plus objective et la plus l\u00e9gale comment proc\u00e9der. Le gouvernement est dans une coh\u00e9rence d\u2019actes<\/em>\u00bb.<\/p>\n\n\n\n<p><strong>Fatou NDIAYE<\/strong><\/p>\n\n\n\n<p>SUDQUOTIDIEN<\/p>\n","protected":false},"excerpt":{"rendered":"<p>Le ministre du Commerce et porte-parole du gouvernement justifie la dissolution du parti Pastef par une apologie excessive de la<\/p>\n","protected":false},"author":1,"featured_media":12867,"comment_status":"open","ping_status":"open","sticky":false,"template":"","format":"standard","meta":{"footnotes":""},"categories":[6],"tags":[],"class_list":["post-18175","post","type-post","status-publish","format-standard","has-post-thumbnail","hentry","category-politics"],"_links":{"self":[{"href":"https:\/\/dekkbi.com\/index.php?rest_route=\/wp\/v2\/posts\/18175","targetHints":{"allow":["GET"]}}],"collection":[{"href":"https:\/\/dekkbi.com\/index.php?rest_route=\/wp\/v2\/posts"}],"about":[{"href":"https:\/\/dekkbi.com\/index.php?rest_route=\/wp\/v2\/types\/post"}],"author":[{"embeddable":true,"href":"https:\/\/dekkbi.com\/index.php?rest_route=\/wp\/v2\/users\/1"}],"replies":[{"embeddable":true,"href":"https:\/\/dekkbi.com\/index.php?rest_route=%2Fwp%2Fv2%2Fcomments&post=18175"}],"version-history":[{"count":1,"href":"https:\/\/dekkbi.com\/index.php?rest_route=\/wp\/v2\/posts\/18175\/revisions"}],"predecessor-version":[{"id":18176,"href":"https:\/\/dekkbi.com\/index.php?rest_route=\/wp\/v2\/posts\/18175\/revisions\/18176"}],"wp:featuredmedia":[{"embeddable":true,"href":"https:\/\/dekkbi.com\/index.php?rest_route=\/wp\/v2\/media\/12867"}],"wp:attachment":[{"href":"https:\/\/dekkbi.com\/index.php?rest_route=%2Fwp%2Fv2%2Fmedia&parent=18175"}],"wp:term":[{"taxonomy":"category","embeddable":true,"href":"https:\/\/dekkbi.com\/index.php?rest_route=%2Fwp%2Fv2%2Fcategories&post=18175"},{"taxonomy":"post_tag","embeddable":true,"href":"https:\/\/dekkbi.com\/index.php?rest_route=%2Fwp%2Fv2%2Ftags&post=18175"}],"curies":[{"name":"wp","href":"https:\/\/api.w.org\/{rel}","templated":true}]}}