{"id":18170,"date":"2023-08-04T09:03:40","date_gmt":"2023-08-04T09:03:40","guid":{"rendered":"https:\/\/dekkbi.com\/?p=18170"},"modified":"2023-08-04T11:08:51","modified_gmt":"2023-08-04T11:08:51","slug":"identite-des-victimes-de-lincendie-criminel-a-yarakh","status":"publish","type":"post","link":"https:\/\/dekkbi.com\/?p=18170","title":{"rendered":"Identification des victimes de l&rsquo;incendie criminel \u00e0 Yarakh"},"content":{"rendered":"\n<h3 class=\"wp-block-heading\">Le 3 ao\u00fbt 2023 \u00e0 15 heures, Mamadou Yero Diallo s&rsquo;est pr\u00e9sent\u00e9 \u00e0 la brigade territoriale de Hann, pour d\u00e9clarer \u00eatre le fr\u00e8re de Amadou Diallo, un \u00e9migr\u00e9 \u00e9tabli en Espagne et p\u00e8re des victimes de l&rsquo;incendie criminel survenu dans un bus \u00e0 Hann, \u00e0 Yarakh.<\/h3>\n\n\n\n<p><strong>Les victimes de cet incendie sont les suivantes :<br><\/strong><br>Fatoumata Binta Diallo, \u00e2g\u00e9e d&rsquo;environ 21 ans, fille de Amadou et de Sira B\u00e2, \u00e9l\u00e8ve r\u00e9sidant \u00e0 la Medina.<\/p>\n\n\n\n<p><strong>Oumou Coultoumy Diallo, \u00e2g\u00e9e de 7 ans, fille de Amadou et de A\u00efssata B\u00e2, \u00e9l\u00e8ve r\u00e9sidant \u00e9galement \u00e0 la Medina.<br><\/strong><br>Selon le t\u00e9moignage de Mamadou Yero Diallo, les deux filles ont quitt\u00e9 Kounoune pour rentrer chez elles \u00e0 Colobane. En cours de route, Fatoumata Binta Diallo a appel\u00e9 son amie A\u00efcha Diallo, pour informer qu&rsquo;elle avait quitt\u00e9 Kounoune et qu&rsquo;elle se trouvait dans le bus Tata (ligne 65) \u00e0 hauteur de la gare des Baux mara\u00eechers. Elle avait pr\u00e9cis\u00e9 qu&rsquo;elle serait \u00e0 la maison dans les 30 minutes suivantes. Cependant, depuis cet appel, personne n&rsquo;a eu de ses nouvelles.<\/p>\n\n\n\n<p><em>La famille a appris qu&rsquo;un bus en provenance de Kounoune, a \u00e9t\u00e9 incendi\u00e9 \u00e0 hauteur de Yarakh et que deux personnes auraient p\u00e9ri \u00e0 l&rsquo;int\u00e9rieur. La famille s&rsquo;est rendue \u00e0 l&rsquo;h\u00f4pital de Pikine, mais leurs proches ne figuraient pas parmi les bless\u00e9s. Ils ont alors craint que les victimes soient les personnes qu&rsquo;ils recherchent. C&rsquo;est ainsi qu&rsquo;ils ont pris la d\u00e9cision de faire une d\u00e9claration \u00e0 la brigade de Hann.<br><\/em><br>Actuellement, les corps sans vie des victimes sont \u00e0 l&rsquo;h\u00f4pital Dalal Diam, \u00e0 Gu\u00e9diawaye.<\/p>\n\n\n\n<p>La r\u00e9daction de leral&#8230;<\/p>\n","protected":false},"excerpt":{"rendered":"<p>Le 3 ao\u00fbt 2023 \u00e0 15 heures, Mamadou Yero Diallo s&rsquo;est pr\u00e9sent\u00e9 \u00e0 la brigade territoriale de Hann, pour d\u00e9clarer<\/p>\n","protected":false},"author":1,"featured_media":17920,"comment_status":"open","ping_status":"open","sticky":false,"template":"","format":"standard","meta":{"footnotes":""},"categories":[26],"tags":[],"class_list":["post-18170","post","type-post","status-publish","format-standard","has-post-thumbnail","hentry","category-fait-divers"],"_links":{"self":[{"href":"https:\/\/dekkbi.com\/index.php?rest_route=\/wp\/v2\/posts\/18170","targetHints":{"allow":["GET"]}}],"collection":[{"href":"https:\/\/dekkbi.com\/index.php?rest_route=\/wp\/v2\/posts"}],"about":[{"href":"https:\/\/dekkbi.com\/index.php?rest_route=\/wp\/v2\/types\/post"}],"author":[{"embeddable":true,"href":"https:\/\/dekkbi.com\/index.php?rest_route=\/wp\/v2\/users\/1"}],"replies":[{"embeddable":true,"href":"https:\/\/dekkbi.com\/index.php?rest_route=%2Fwp%2Fv2%2Fcomments&post=18170"}],"version-history":[{"count":2,"href":"https:\/\/dekkbi.com\/index.php?rest_route=\/wp\/v2\/posts\/18170\/revisions"}],"predecessor-version":[{"id":18228,"href":"https:\/\/dekkbi.com\/index.php?rest_route=\/wp\/v2\/posts\/18170\/revisions\/18228"}],"wp:featuredmedia":[{"embeddable":true,"href":"https:\/\/dekkbi.com\/index.php?rest_route=\/wp\/v2\/media\/17920"}],"wp:attachment":[{"href":"https:\/\/dekkbi.com\/index.php?rest_route=%2Fwp%2Fv2%2Fmedia&parent=18170"}],"wp:term":[{"taxonomy":"category","embeddable":true,"href":"https:\/\/dekkbi.com\/index.php?rest_route=%2Fwp%2Fv2%2Fcategories&post=18170"},{"taxonomy":"post_tag","embeddable":true,"href":"https:\/\/dekkbi.com\/index.php?rest_route=%2Fwp%2Fv2%2Ftags&post=18170"}],"curies":[{"name":"wp","href":"https:\/\/api.w.org\/{rel}","templated":true}]}}