{"id":18111,"date":"2023-08-03T12:03:31","date_gmt":"2023-08-03T12:03:31","guid":{"rendered":"https:\/\/dekkbi.com\/?p=18111"},"modified":"2023-08-03T12:44:32","modified_gmt":"2023-08-03T12:44:32","slug":"coup-detat-au-niger-il-sagit-dune-prise-dotage-et-dun-kidnapping-estime-le-chef-de-la-diplomatie-du-benin","status":"publish","type":"post","link":"https:\/\/dekkbi.com\/?p=18111","title":{"rendered":"Coup d&rsquo;\u00c9tat au Niger: \u00abIl s&rsquo;agit d&rsquo;une prise d&rsquo;otage et d&rsquo;un kidnapping\u00bb"},"content":{"rendered":"\n<p>Au Niger, l\u2019ultimatum de la CEDEAO prend fin dans trois jours. Dimanche 30 juillet, l\u2019organisation sous-r\u00e9gionale a demand\u00e9 la lib\u00e9ration imm\u00e9diate du pr\u00e9sident nig\u00e9rien Mohamed Bazoum et le retour \u00e0 l\u2019ordre constitutionnel dans un d\u00e9lai d\u2019une semaine, sans quoi elle se dit pr\u00eate \u00e0 prendre toutes les mesures n\u00e9cessaires, y compris l\u2019usage de la force. \u00c0 trois jours de la fin de l\u2019ultimatum, o\u00f9 en sont les discussions&nbsp;? De quelle fa\u00e7on la CEDEAO pourrait-elle intervenir militairement&nbsp;? Olushegun Adjadi Bakari, le ministre des Affaires \u00e9trang\u00e8res du B\u00e9nin, r\u00e9pond aux questions de Pierre Firtion.<\/p>\n\n\n\n<p><strong>RFI&nbsp;: Olushegun Adjadi Bakari, une d\u00e9l\u00e9gation de la C\u00e9d\u00e9ao, men\u00e9e par l\u2019ancien pr\u00e9sident nig\u00e9rian, Abdulsalami Abubakar, devait se rendre ce 2 ao\u00fbt 2023 \u00e0 Niamey. C\u2019\u00e9tait la m\u00e9diation de la derni\u00e8re chance&nbsp;?&nbsp;<\/strong><\/p>\n\n\n\n<p><strong>Olushegun Adjadi Bakari&nbsp;: J<\/strong>e pense que cela correspond toujours \u00e0 la vision port\u00e9e par les chefs d\u2019\u00c9tat de la C\u00e9d\u00e9ao qui consiste \u00e0 laisser la porte ouverte et \u00e0 privil\u00e9gier le dialogue. Donc m\u00e9diation de la derni\u00e8re chance\u2026 jusqu\u2019\u00e0 la derni\u00e8re minute, il y a un ultimatum qui a \u00e9t\u00e9 donn\u00e9, et tant qu\u2019on n\u2019est pas au terme de cet ultimatum, toutes les voies permettant d\u2019avoir une sortie, des solutions qui soient acceptables, seront utilis\u00e9es.<\/p>\n\n\n\n<p><strong>On sait que l\u2019ancien pr\u00e9sident, Mahamadou Issoufou, m\u00e8ne aussi des n\u00e9gociations en coulisses. Qu\u2019est-ce qui est propos\u00e9 aux putschistes aujourd\u2019hui&nbsp;?<\/strong><\/p>\n\n\n\n<p>Il y a un message qui a \u00e9t\u00e9 tr\u00e8s clair port\u00e9 par les chefs d\u2019\u00c9tat, qui est celui de dire&nbsp;: nous ne sommes pas dans un cas de coup d\u2019\u00c9tat, et je pense que l\u00e0-dessus, il faut que nous soyons tous d\u2019accord. Il s\u2019agit ici d\u2019une prise d\u2019otages, d\u2019un kidnapping. Et lorsqu\u2019on est face \u00e0 une prise d\u2019otages ou \u00e0 un kidnapping, on n\u2019est pas dans une n\u00e9gociation de propositions. L\u2019objectif premier est de pouvoir faire lib\u00e9rer l\u2019otage, et que l\u2019otage revienne \u00e0 une vie normale. Donc, dans le cas pr\u00e9sent, l\u2019objectif c\u2019est de faire en sorte que le pr\u00e9sident Bazoum, pr\u00e9sident d\u00e9mocratiquement \u00e9lu par le peuple nig\u00e9rien, reprenne ses fonctions de pr\u00e9sident du Niger.<\/p>\n\n\n\n<p><strong>Vous avez encore l\u2019espoir d\u2019une sortie de crise apais\u00e9e et sans violence&nbsp;?<\/strong><\/p>\n\n\n\n<p>Nous l\u2019esp\u00e9rons, mais dans tous les cas, les valeurs d\u00e9mocratiques, les valeurs de pr\u00e9servation, de stabilit\u00e9 politique et de transition d\u00e9mocratique, devront pr\u00e9valoir au sein de l\u2019espace C\u00e9d\u00e9ao. C\u2019est le message que les chefs d\u2019\u00c9tat ont port\u00e9 et je pense que c\u2019est tr\u00e8s important de rester l\u00e0-dessus.<\/p>\n\n\n\n<p><strong>Si les militaires refusent de rendre le pouvoir d\u2019ici le 6 ao\u00fbt, que peut-il se passer&nbsp;?<\/strong><\/p>\n\n\n\n<p>Les chefs d\u2019\u00c9tat, dans le communiqu\u00e9 de la conf\u00e9rence des chefs d\u2019\u00c9tat, ont \u00e9t\u00e9 tr\u00e8s clairs&nbsp;: pass\u00e9 l\u2019ultimatum, toutes les autres pistes seront envisag\u00e9es, y compris le recours \u00e0 la force.<\/p>\n\n\n\n<p><strong>Et s\u2019il \u00e9tait d\u00e9cid\u00e9 de recourir \u00e0 la force, qui pourrait \u00eatre charg\u00e9 d\u2019intervenir parmi les pays membres de la C\u00e9d\u00e9ao&nbsp;?<\/strong><\/p>\n\n\n\n<p>Je pense que l\u2019objectif, c\u2019est de tout faire pour qu\u2019on n\u2019arrive pas \u00e0 cette solution, mais si cela devait arriver, je pense qu\u2019il y a des m\u00e9canismes qui sont en place.<\/p>\n\n\n\n<p><strong>Est-ce que le B\u00e9nin pourrait envoyer un contingent de soldats dans le cadre de cette intervention arm\u00e9e&nbsp;?<\/strong><\/p>\n\n\n\n<p>Bien s\u00fbr que le B\u00e9nin, en tant que membre de la C\u00e9d\u00e9ao, comme les autres pays de la C\u00e9d\u00e9ao, sont pr\u00eats \u00e0 participer \u00e0 la r\u00e9solution de cette crise. Si on devait arriver \u00e0 cette solution, ce qui serait d\u00e9plorable &#8211; parce qu\u2019en fait, en r\u00e9alit\u00e9, aujourd\u2019hui, la piste de la n\u00e9gociation reste sur la table, reste pr\u00e9gnante, reste la plus envisag\u00e9e -, mais dans le cas o\u00f9 on n\u2019arriverait pas au terme de l\u2019ultimatum, \u00e0 une solution n\u00e9goci\u00e9e qui serait la meilleure pour tous, il faudrait, bien entendu, envisager toutes les autres solutions, comme \u00e9voqu\u00e9 par les chefs d\u2019\u00c9tat.<\/p>\n\n\n\n<p><strong>Vous le disiez, les chefs d\u2019\u00e9tat-major des pays de la C\u00e9d\u00e9ao sont r\u00e9unis jusqu\u2019\u00e0 ce 4 ao\u00fbt \u00e0 Abuja. Leur mission, concr\u00e8tement, c\u2019est de parvenir \u00e0 mettre sur pieds une force militaire et un plan d\u2019intervention d\u2019ici dimanche&nbsp;?<\/strong><\/p>\n\n\n\n<p>Je pense que leur r\u00e9union fait partie de r\u00e9unions r\u00e9guli\u00e8res. Depuis un certain nombre de temps, il y a ce creuset des chefs d\u2019\u00e9tat-major qui est en place. Ils ont l\u2019habitude de travailler ensemble. Vous n\u2019\u00eates pas sans savoir qu\u2019il y a cette force en attente de la C\u00e9d\u00e9ao, dont l\u2019op\u00e9rationnalisation a commenc\u00e9 d\u00e9j\u00e0 depuis un certain nombre de temps. Donc, je pense qu\u2019op\u00e9rationnellement, il y a d\u00e9j\u00e0 une convergence. Apr\u00e8s, sur les d\u00e9tails de la fa\u00e7on dont les choses pourraient se passer, je pense qu\u2019il y a des voix beaucoup plus autoris\u00e9es que la mienne.<\/p>\n\n\n\n<p><strong>Les militaires au pouvoir \u00e0 Bamako et \u00e0 Ouagadougou ont pr\u00e9venu qu\u2019une intervention militaire au Niger serait consid\u00e9r\u00e9e comme une d\u00e9claration de guerre \u00e0 leurs deux pays. Est-ce que vous ne craignez pas qu\u2019une intervention arm\u00e9e d\u00e9clenche une implosion de la C\u00e9d\u00e9ao, voire un conflit r\u00e9gional&nbsp;?<\/strong><\/p>\n\n\n\n<p>S\u2019il devait y avoir une intervention au Niger, il ne s\u2019agit pas d\u2019intervenir contre un pays. Il s\u2019agit d\u2019aller lib\u00e9rer une autorit\u00e9 d\u00e9mocratiquement \u00e9lue, prise en otage par des personnes qui avaient la charge de sa s\u00e9curit\u00e9. Donc, en r\u00e9alit\u00e9, on n\u2019est pas dans le cas des fantasmes de guerre, etc., il s\u2019agit d\u2019aller lib\u00e9rer et de r\u00e9installer un pr\u00e9sident r\u00e9guli\u00e8rement \u00e9lu.&nbsp;<\/p>\n\n\n\n<p>Par :Pierre Firtion<\/p>\n\n\n\n<p>RFI<\/p>\n\n\n\n<p><\/p>\n","protected":false},"excerpt":{"rendered":"<p>Au Niger, l\u2019ultimatum de la CEDEAO prend fin dans trois jours. Dimanche 30 juillet, l\u2019organisation sous-r\u00e9gionale a demand\u00e9 la lib\u00e9ration<\/p>\n","protected":false},"author":1,"featured_media":18112,"comment_status":"open","ping_status":"open","sticky":false,"template":"","format":"standard","meta":{"footnotes":""},"categories":[51],"tags":[],"class_list":["post-18111","post","type-post","status-publish","format-standard","has-post-thumbnail","hentry","category-general"],"_links":{"self":[{"href":"https:\/\/dekkbi.com\/index.php?rest_route=\/wp\/v2\/posts\/18111","targetHints":{"allow":["GET"]}}],"collection":[{"href":"https:\/\/dekkbi.com\/index.php?rest_route=\/wp\/v2\/posts"}],"about":[{"href":"https:\/\/dekkbi.com\/index.php?rest_route=\/wp\/v2\/types\/post"}],"author":[{"embeddable":true,"href":"https:\/\/dekkbi.com\/index.php?rest_route=\/wp\/v2\/users\/1"}],"replies":[{"embeddable":true,"href":"https:\/\/dekkbi.com\/index.php?rest_route=%2Fwp%2Fv2%2Fcomments&post=18111"}],"version-history":[{"count":2,"href":"https:\/\/dekkbi.com\/index.php?rest_route=\/wp\/v2\/posts\/18111\/revisions"}],"predecessor-version":[{"id":18128,"href":"https:\/\/dekkbi.com\/index.php?rest_route=\/wp\/v2\/posts\/18111\/revisions\/18128"}],"wp:featuredmedia":[{"embeddable":true,"href":"https:\/\/dekkbi.com\/index.php?rest_route=\/wp\/v2\/media\/18112"}],"wp:attachment":[{"href":"https:\/\/dekkbi.com\/index.php?rest_route=%2Fwp%2Fv2%2Fmedia&parent=18111"}],"wp:term":[{"taxonomy":"category","embeddable":true,"href":"https:\/\/dekkbi.com\/index.php?rest_route=%2Fwp%2Fv2%2Fcategories&post=18111"},{"taxonomy":"post_tag","embeddable":true,"href":"https:\/\/dekkbi.com\/index.php?rest_route=%2Fwp%2Fv2%2Ftags&post=18111"}],"curies":[{"name":"wp","href":"https:\/\/api.w.org\/{rel}","templated":true}]}}