{"id":18109,"date":"2023-08-03T11:46:36","date_gmt":"2023-08-03T11:46:36","guid":{"rendered":"https:\/\/dekkbi.com\/?p=18109"},"modified":"2023-08-03T11:46:38","modified_gmt":"2023-08-03T11:46:38","slug":"apres-les-incendies-quel-bilan-la-grece-tire-t-elle-de-sa-gestion-de-crise","status":"publish","type":"post","link":"https:\/\/dekkbi.com\/?p=18109","title":{"rendered":"Apr\u00e8s les incendies, quel bilan la Gr\u00e8ce tire-t-elle de sa gestion de crise?"},"content":{"rendered":"\n<p>Avec son statut de pays europ\u00e9en le plus \u00e0 risque face aux incendies, la Gr\u00e8ce est aussi une source d\u2019inspiration pour les pays jusqu\u2019ici \u00e9pargn\u00e9s et qui voient le r\u00e9chauffement climatique remonter vers le Nord. Mais quelle est la situation sur place\u00a0?\u00a0<\/p>\n\n\n\n<p><em>Avec notre correspondant \u00e0 Ath\u00e8nes,<\/em>&nbsp;<strong>Jean-Jacques H\u00e9ry<\/strong><\/p>\n\n\n\n<p>Le pays a connu 16 jours de temp\u00e9ratures extr\u00eames avec des vents tr\u00e8s forts et o\u00f9 se sont d\u00e9clench\u00e9s plus de 1467 feux, soit plus de 60 par jour. \u00ab&nbsp;<em>C&rsquo;\u00e9tait comme si on voulait boxer le feu<\/em>&nbsp;\u00bb. Ce combat de boxe contre le feu, le lieutenant pompier John Kolovos, commandant de l&rsquo;unit\u00e9 sp\u00e9ciale grecque de lutte contre les incendies, l&rsquo;a men\u00e9 pendant deux jours et demi, avec ses hommes&#8230;<\/p>\n\n\n\n<p>Le 17 juillet dernier se d\u00e9clenchait&nbsp;<strong><a href=\"https:\/\/www.rfi.fr\/fr\/europe\/20230717-gr%C3%A8ce-lutte-acharn%C3%A9e-contre-plusieurs-incendies-de-for%C3%AAt-pr%C3%A8s-d-ath%C3%A8nes\">le plus important incendie de l&rsquo;\u00e9t\u00e9<\/a><\/strong>&nbsp;pour la r\u00e9gion d&rsquo;Ath\u00e8nes : \u00ab&nbsp;<em>D\u00e8s le d\u00e9part c&rsquo;\u00e9tait tr\u00e8s intense. Il y avait beaucoup de vent et en plus le terrain \u00e9tait tr\u00e8s abrupt<\/em>&nbsp;\u00bb, raconte-t-il.<\/p>\n\n\n\n<p>Dans l&rsquo;air flotte encore une odeur de br\u00fbl\u00e9. 10 000 m\u00e8tres carr\u00e9s de pin\u00e8des sont partis en fum\u00e9e. Aujourd&rsquo;hui, la montagne est noire.&nbsp;<\/p>\n\n\n\n<p>Deux h\u00e9licopt\u00e8res anti-incendies sont intervenus pour \u00e9teindre le feu ainsi que des pompiers \u00e9trangers pr\u00e9positionn\u00e9s en Gr\u00e8ce par l&rsquo;Union europ\u00e9enne, et ce pour la deuxi\u00e8me ann\u00e9e cons\u00e9cutive.<\/p>\n\n\n\n<p>Pourtant, sur le terrain, le manque de moyens des pompiers et l&rsquo;organisation des secours ont \u00e9t\u00e9 vivement critiqu\u00e9s. Le ministre grec de la Crise climatique, Vassilios Kikilias, affiche un discours volontaire, mais teint\u00e9 de fatalisme : \u00ab&nbsp;<em>Le Canada aussi doit faire face aux incendies ; au Portugal et en Espagne, il a fait plus de 45 ou 50 degr\u00e9s. On doit mettre en place des politiques communes car la crise climatique ne va pas dispara\u00eetre&nbsp;!<\/em>&nbsp;\u00bb<\/p>\n\n\n\n<p>Des pompiers aux pouvoirs publics, on compte donc sur une coop\u00e9ration europ\u00e9enne croissante dans la lutte contre les incendies. En parall\u00e8le, les autorit\u00e9s grecques ont lanc\u00e9 il y a deux ans un plan de 1,7 milliard d&rsquo;euros afin de remplacer les avions et h\u00e9licopt\u00e8res anti-incendies. &nbsp;<\/p>\n\n\n\n<p><strong>Une semaine de vacances \u00e0 Rhodes offerte aux touristes \u00e9vacu\u00e9s<\/strong><\/p>\n\n\n\n<p><strong>C&rsquo;est ce qu&rsquo;a annonc\u00e9 ce mercredi 2 ao\u00fbt le Premier ministre grec Kyriakos Mitsotakis, apr\u00e8s les incendies qui ont frapp\u00e9 plusieurs \u00eeles grecques, ces deux derni\u00e8res semaines.<\/strong><\/p>\n\n\n\n<p>Environ 20 000 personnes, essentiellement des touristes avaient \u00e9t\u00e9 \u00e9vacu\u00e9s de l&rsquo;\u00eele de Rhodes. 17 800 hectares de v\u00e9g\u00e9tation ont br\u00fbl\u00e9 sur cette \u00eele situ\u00e9e au large des c\u00f4tes turques d&rsquo;apr\u00e8s l&rsquo;Agence europ\u00e9enne de surveillance m\u00e9t\u00e9orologique Copernicus. Ces touristes vont donc pouvoir reprogrammer leurs vacances gratuitement pour l&rsquo;automne ou le printemps prochain<\/p>\n\n\n\n<p>Rhodes est aujourd&rsquo;hui plus accueillante que jamais. C&rsquo;\u00e9tait le message du Premier ministre grec, mercredi, dans une interview accord\u00e9e \u00e0 la cha\u00eene de t\u00e9l\u00e9vision britannique ITV. Une op\u00e9ration s\u00e9duction du gouvernement, l&rsquo;occasion aussi de rassurer sur la situation actuelle de l&rsquo;\u00eele.<\/p>\n\n\n\n<p>Le chef du gouvernement veut voit le verre \u00e0 moiti\u00e9 plein, \u00ab&nbsp;<em>les feux sont \u00e9teints, seuls 15% de l&rsquo;\u00eele a \u00e9t\u00e9 touch\u00e9,&nbsp;<\/em>assure-t-il,<em>&nbsp;le reste fonctionne parfaitement.<\/em>&nbsp;\u00bb<\/p>\n\n\n\n<p>Les agences de voyage font aussi les yeux doux aux touristes avec une campagne sur les r\u00e9seaux sociaux intitul\u00e9e \u00ab&nbsp;Rhodes is safe&nbsp;\u00bb, \u00ab Rhodes est s\u00fbre \u00bb. Vid\u00e9os montrant les eaux turquoises de la M\u00e9dit\u00e9rann\u00e9e, transats et cocktails&#8230; Tout est bon pour redorer le blason d&rsquo;une \u00eele qui craint de voir son attractivit\u00e9 touristique s&rsquo;effriter.<\/p>\n\n\n\n<p>Le voyagiste allemand TUI, n\u00b01 mondial du secteur, avait suspendu ses vols pendant plusieurs jours. Aucun chiffre concernant les annulations n&rsquo;a \u00e9t\u00e9 communiqu\u00e9 par la compagnie qui esp\u00e8re un rebond des r\u00e9servations de derni\u00e8re minute pour ce mois d&rsquo;ao\u00fbt.<\/p>\n\n\n\n<p>Selon les chiffres de l&rsquo;Agence de d\u00e9veloppement touristique de la France, le tourisme contribue de fa\u00e7on indirecte \u00e0 un quart du PIB grec.<\/p>\n\n\n\n<p>SOURCE RFI<\/p>\n","protected":false},"excerpt":{"rendered":"<p>Avec son statut de pays europ\u00e9en le plus \u00e0 risque face aux incendies, la Gr\u00e8ce est aussi une source d\u2019inspiration<\/p>\n","protected":false},"author":1,"featured_media":17140,"comment_status":"open","ping_status":"open","sticky":false,"template":"","format":"standard","meta":{"footnotes":""},"categories":[51],"tags":[],"class_list":["post-18109","post","type-post","status-publish","format-standard","has-post-thumbnail","hentry","category-general"],"_links":{"self":[{"href":"https:\/\/dekkbi.com\/index.php?rest_route=\/wp\/v2\/posts\/18109","targetHints":{"allow":["GET"]}}],"collection":[{"href":"https:\/\/dekkbi.com\/index.php?rest_route=\/wp\/v2\/posts"}],"about":[{"href":"https:\/\/dekkbi.com\/index.php?rest_route=\/wp\/v2\/types\/post"}],"author":[{"embeddable":true,"href":"https:\/\/dekkbi.com\/index.php?rest_route=\/wp\/v2\/users\/1"}],"replies":[{"embeddable":true,"href":"https:\/\/dekkbi.com\/index.php?rest_route=%2Fwp%2Fv2%2Fcomments&post=18109"}],"version-history":[{"count":1,"href":"https:\/\/dekkbi.com\/index.php?rest_route=\/wp\/v2\/posts\/18109\/revisions"}],"predecessor-version":[{"id":18110,"href":"https:\/\/dekkbi.com\/index.php?rest_route=\/wp\/v2\/posts\/18109\/revisions\/18110"}],"wp:featuredmedia":[{"embeddable":true,"href":"https:\/\/dekkbi.com\/index.php?rest_route=\/wp\/v2\/media\/17140"}],"wp:attachment":[{"href":"https:\/\/dekkbi.com\/index.php?rest_route=%2Fwp%2Fv2%2Fmedia&parent=18109"}],"wp:term":[{"taxonomy":"category","embeddable":true,"href":"https:\/\/dekkbi.com\/index.php?rest_route=%2Fwp%2Fv2%2Fcategories&post=18109"},{"taxonomy":"post_tag","embeddable":true,"href":"https:\/\/dekkbi.com\/index.php?rest_route=%2Fwp%2Fv2%2Ftags&post=18109"}],"curies":[{"name":"wp","href":"https:\/\/api.w.org\/{rel}","templated":true}]}}