{"id":18106,"date":"2023-08-03T11:44:01","date_gmt":"2023-08-03T11:44:01","guid":{"rendered":"https:\/\/dekkbi.com\/?p=18106"},"modified":"2023-08-03T11:44:02","modified_gmt":"2023-08-03T11:44:02","slug":"ziguinchor-confinee-par-un-blocus-general-sos-casamance-lance-un-appel-au-president-macky-sall","status":"publish","type":"post","link":"https:\/\/dekkbi.com\/?p=18106","title":{"rendered":"Ziguinchor confin\u00e9e par un blocus g\u00e9n\u00e9ral : Sos Casamance lance un appel au Pr\u00e9sident Macky Sall"},"content":{"rendered":"\n<p>Dans un communiqu\u00e9 parvenu \u00e0 Leral, Sos Casamance signale que depuis l&rsquo;annonce de l&#8217;emprisonnement du Maire de Ziguinchor, M. Ousmane Sonko, la ville de Ziguinchor est enti\u00e8rement confin\u00e9e par un blocus g\u00e9n\u00e9ral d\u00e9cr\u00e9t\u00e9 par une certaine jeunesse en col\u00e8re.<\/p>\n\n\n\n<p>Bien que la libert\u00e9 de manifester et d&rsquo;exprimer son opinion soit inscrite dans la constitution s\u00e9n\u00e9galaise, elle ne doit en aucun cas porter atteinte \u00e0 la libre circulation des personnes et des biens, qui est \u00e9galement un droit constitutionnel des citoyens, souligne-t-on.<\/p>\n\n\n\n<p>Selon leur constat, dans le cas de Ziguinchor, la vie s&rsquo;est arr\u00eat\u00e9e ces derniers jours : les commerces sont paralys\u00e9s, les march\u00e9s sont ferm\u00e9s, les h\u00f4pitaux peinent \u00e0 fonctionner, l&rsquo;administration ne travaille pas correctement et les transports publics sont hors service, et encore ..<br>.<br>Les personnes malades sont priv\u00e9es de soins, car elles ne peuvent pas se rendre \u00e0 l&rsquo;h\u00f4pital, certaines familles d\u00e9j\u00e0 pr\u00e9caires vont \u00eatre pouss\u00e9es encore plus dans la pr\u00e9carit\u00e9, et ce qui est encore plus inqui\u00e9tant, de nombreux citoyens et \u00e9trangers sont bloqu\u00e9s en ville et ne peuvent pas rentrer chez eux ou prendre leur vol, \u00e0 cause de cette situation de blocage que les autorit\u00e9s locales semblent tol\u00e9rer.<\/p>\n\n\n\n<p>L&rsquo;association Sos Casamance d\u00e9nonce cette situation de blocage et appelle les jeunes impliqu\u00e9s dans ces pratiques, \u00e0 manifester d&rsquo;une mani\u00e8re diff\u00e9rente, \u00e9pargnant ainsi davantage de difficult\u00e9s \u00e0 la population. Car en v\u00e9rit\u00e9, les casaman\u00e7ais, et les Ziguinchorois en particulier, sont \u00e9puis\u00e9s.<\/p>\n\n\n\n<p>SOS Casamance demande au Pr\u00e9sident Macky Sall et \u00e0 son gouvernement, de garantir aux citoyens casaman\u00e7ais, notamment ceux de Ziguinchor, leur droit aux d\u00e9placements en toute s\u00e9curit\u00e9.<\/p>\n\n\n\n<p>Enfin, Sos Casamance appelle les autorit\u00e9s responsables du commandement territorial local, \u00e0 prendre rapidement des mesures ad\u00e9quates pour assurer la s\u00e9curit\u00e9 des citoyens, ainsi que celle des \u00e9trangers bloqu\u00e9s qui souhaitent quitter la ville, afin qu&rsquo;ils puissent le faire sans entrave, conclut depuis Paris, Amadou Sylla, son D\u00e9l\u00e9gu\u00e9 g\u00e9n\u00e9ral.<br><\/p>\n\n\n\n<p>SOURCE LERAL<\/p>\n","protected":false},"excerpt":{"rendered":"<p>Dans un communiqu\u00e9 parvenu \u00e0 Leral, Sos Casamance signale que depuis l&rsquo;annonce de l&#8217;emprisonnement du Maire de Ziguinchor, M. Ousmane<\/p>\n","protected":false},"author":1,"featured_media":18107,"comment_status":"open","ping_status":"open","sticky":false,"template":"","format":"standard","meta":{"footnotes":""},"categories":[3],"tags":[],"class_list":["post-18106","post","type-post","status-publish","format-standard","has-post-thumbnail","hentry","category-event-more-news"],"_links":{"self":[{"href":"https:\/\/dekkbi.com\/index.php?rest_route=\/wp\/v2\/posts\/18106","targetHints":{"allow":["GET"]}}],"collection":[{"href":"https:\/\/dekkbi.com\/index.php?rest_route=\/wp\/v2\/posts"}],"about":[{"href":"https:\/\/dekkbi.com\/index.php?rest_route=\/wp\/v2\/types\/post"}],"author":[{"embeddable":true,"href":"https:\/\/dekkbi.com\/index.php?rest_route=\/wp\/v2\/users\/1"}],"replies":[{"embeddable":true,"href":"https:\/\/dekkbi.com\/index.php?rest_route=%2Fwp%2Fv2%2Fcomments&post=18106"}],"version-history":[{"count":1,"href":"https:\/\/dekkbi.com\/index.php?rest_route=\/wp\/v2\/posts\/18106\/revisions"}],"predecessor-version":[{"id":18108,"href":"https:\/\/dekkbi.com\/index.php?rest_route=\/wp\/v2\/posts\/18106\/revisions\/18108"}],"wp:featuredmedia":[{"embeddable":true,"href":"https:\/\/dekkbi.com\/index.php?rest_route=\/wp\/v2\/media\/18107"}],"wp:attachment":[{"href":"https:\/\/dekkbi.com\/index.php?rest_route=%2Fwp%2Fv2%2Fmedia&parent=18106"}],"wp:term":[{"taxonomy":"category","embeddable":true,"href":"https:\/\/dekkbi.com\/index.php?rest_route=%2Fwp%2Fv2%2Fcategories&post=18106"},{"taxonomy":"post_tag","embeddable":true,"href":"https:\/\/dekkbi.com\/index.php?rest_route=%2Fwp%2Fv2%2Ftags&post=18106"}],"curies":[{"name":"wp","href":"https:\/\/api.w.org\/{rel}","templated":true}]}}