{"id":18100,"date":"2023-08-03T11:30:47","date_gmt":"2023-08-03T11:30:47","guid":{"rendered":"https:\/\/dekkbi.com\/?p=18100"},"modified":"2023-08-03T11:38:36","modified_gmt":"2023-08-03T11:38:36","slug":"pelerinage-aux-lieux-saints-de-la-chretiente-les-differentes-etapes","status":"publish","type":"post","link":"https:\/\/dekkbi.com\/?p=18100","title":{"rendered":"P\u00e8lerinage aux lieux saints de la chr\u00e9tient\u00e9"},"content":{"rendered":"\n<p>Les \u00e9tapes du p\u00e8lerinage aux lieux saints de la chr\u00e9tient\u00e9 ont \u00e9t\u00e9 pr\u00e9sent\u00e9es mercredi aux p\u00e8lerins s\u00e9n\u00e9galais par le vice-pr\u00e9sident du Cinpec et coordonnateur du p\u00e8lerinage 2023, Emmanuel Di\u00e9dhiou, estimant que \u00abc\u2019est une d\u00e9marche spirituelle \u00e0 vivre de bout en bout qui marque les p\u00e8lerins\u00bb. \u00abLe p\u00e8lerinage aux lieux saints de la chr\u00e9tient\u00e9 est une d\u00e9marche de foi qui ne sera compl\u00e8te que quand vous aurez r\u00e9ellement fait la terre sainte d\u2019Isra\u00ebl, Rome o\u00f9 vous rencontrez le Pape \u00e0 l\u2019audience consid\u00e9r\u00e9e aujourd\u2019hui comme une audience faite aux p\u00e8lerins de passage \u00e0 Rome, et puis Lourdes avec toutes les d\u00e9votions qui s\u2019y d\u00e9roulent\u00bb, a-t-il dit dans un entretien accord\u00e9 \u00e0 l\u2019Aps.<\/p>\n\n\n\n<p>\u00abNos fid\u00e8les ont l\u2019habitude de vivre les passages de la Bible ; ils auront l\u2019occasion de mettre les pieds sur les pas du Christ (\u2026) Nous faisons toute la terre sainte, du Nord au Sud, avec un focus particulier sur des passages qui marquent v\u00e9ritablement la vie des lieux de la chr\u00e9tient\u00e9, notamment la naissance de J\u00e9sus \u00e0 Bethl\u00e9em, la mort \u00e0 J\u00e9rusalem, avant de poursuivre le p\u00e9riple \u00e0 Rome pour finir \u00e0 Lourdes\u00bb, a-t-il pr\u00e9cis\u00e9.<\/p>\n\n\n\n<p>Il a ajout\u00e9 qu\u2019il y a aussi \u00abune \u00e9tape eccl\u00e9siologique o\u00f9 il sera question de d\u00e9couvrir le myst\u00e8re de l\u2019\u00e9glise \u00e0 Rome : une \u00e9glise, une sainte catholique et apostolique autour du Saint-P\u00e8re qui symbolise le chef de l\u2019\u00e9glise catholique et qui pr\u00e9side aujourd\u2019hui \u00e0 la charit\u00e9\u00bb. Dans ce lieu, a-t-il indiqu\u00e9, \u00abnous allons faire la visite des quatre grandes basiliques d\u00e9di\u00e9es \u00e0 Saint Pierre, \u00e0 Saint Paul, \u00e0 Saint Jean et \u00e0 la Vierge Marie\u00bb.<\/p>\n\n\n\n<p>Il souligne que \u00abdans toutes ces \u00e9glises, les p\u00e8lerins auront \u00e0 d\u00e9couvrir les myst\u00e8res de l\u2019\u00e9glise et \u00e0 faire des pri\u00e8res\u00bb. \u00abChaque jour, il y a une messe qui est c\u00e9l\u00e9br\u00e9e. C\u2019est un peu le sommet de la journ\u00e9e. Le p\u00e8lerinage, comme nous le voyons ces derni\u00e8res ann\u00e9es, c\u2019est comme une cat\u00e9ch\u00e8se itin\u00e9rante\u00bb, fait savoir M. Di\u00e9dhiou.<\/p>\n\n\n\n<p>La boucle sera boucl\u00e9e, selon lui, par le passage \u00e0 Lourdes, en France. \u00abC\u2019est important que nous puissions finir notre p\u00e9riple au pied de Notre-Dame de l\u2019Immacul\u00e9e Conception pour lui confier nos intentions personnelles, celles de nos familles, mais aussi les intentions de notre pays (\u2026), \u00e0 quelques encablures de l\u2019\u00e9lection pr\u00e9sidentielle\u00bb, promet-il.<\/p>\n\n\n\n<p><br>Il dit \u00abs\u2019imaginer mal un p\u00e8lerinage organis\u00e9 sans aller en terre sainte d\u2019Isra\u00ebl par exemple, pour visiter le tombeau vide, le Saint-S\u00e9pulcre, \u00e0 Bethl\u00e9em\u00bb. \u00abOn s\u2019imagine aussi mal les gens faire le p\u00e8lerinage sans aller \u00e0 Rome rencontrer le Saint-P\u00e8re\u00bb, dit-il, rappelant que \u00abdu temps du Pape Jean-Paul II, les S\u00e9n\u00e9galais avaient une audience priv\u00e9e. Le Saint-P\u00e8re les rencontrait pour discuter avec eux (\u2026)\u00bb.<\/p>\n\n\n\n<p>Di\u00e9dhiou ajoute que \u00abl\u2019on s\u2019imagine aussi mal un p\u00e8lerinage o\u00f9 l\u2019on n\u2019irait pas \u00e0 Lourdes ou \u00e0 Fatima rencontrer notre m\u00e8re du Ciel, lui confier nos intentions les plus ch\u00e8res\u00bb. \u00abCe serait, selon lui, un p\u00e8lerinage incomplet parce que ces diff\u00e9rentes \u00e9tapes christologiques, eccl\u00e9siologiques et mariales t\u00e9moignent d\u2019une cat\u00e9ch\u00e8se que nos p\u00e8res \u00e9v\u00eaques veulent imprimer\u00bb.<\/p>\n\n\n\n<p>Pour lui, \u00abc\u2019est une d\u00e9marche spirituelle de bout en bout\u00bb. \u00abC\u2019est pourquoi nous inscrivons l\u2019eucharistie au c\u0153ur de ce que nous faisons, pour dire que c\u2019est le sommet de la vie chr\u00e9tienne que nous vivons.\u00bb \u00abVous avez parfois besoin d\u2019aller jusque l\u00e0-bas, dans le tombeau vide, pour m\u00e9diter un peu cette passion-l\u00e0 que J\u00e9sus a v\u00e9cue, pour relire diff\u00e9remment votre histoire, pour revenir t\u00e9moigner\u00bb, dit-il.<\/p>\n\n\n\n<p>Selon lui, \u00able catholique qui va en p\u00e8lerinage s\u2019inscrit dans une tradition ininterrompue qui date de tr\u00e8s longtemps\u00bb. \u00abAbraham, lui-m\u00eame, tout comme J\u00e9sus ont fait le p\u00e8lerinage\u00bb, a-t-il expliqu\u00e9, citant le cantique des mont\u00e9es dans la Bible. \u00abIl s\u2019agit des psaumes 121 jusqu\u2019\u00e0 134, qui t\u00e9moignent d\u2019une tradition bien ancr\u00e9e o\u00f9 les gens venaient \u00e0 J\u00e9rusalem en p\u00e8lerinage en chantant ces cantiques-l\u00e0\u00bb.<\/p>\n\n\n\n<p>Le coordonnateur du p\u00e8lerinage 2023 renseigne que \u00abquand les p\u00e8lerins s\u00e9n\u00e9galais partent en p\u00e8lerinage, ils s\u2019inscrivent dans cette tradition-l\u00e0, des t\u00e9moins de la foi qui, \u00e0 un moment de leur vie, ont d\u00fb quitter leur confort, leur pays pour aller \u00e0 la rencontre du Dieu vivant et vrai de J\u00e9sus-Christ\u00bb.<\/p>\n\n\n\n<p><\/p>\n","protected":false},"excerpt":{"rendered":"<p>Les \u00e9tapes du p\u00e8lerinage aux lieux saints de la chr\u00e9tient\u00e9 ont \u00e9t\u00e9 pr\u00e9sent\u00e9es mercredi aux p\u00e8lerins s\u00e9n\u00e9galais par le vice-pr\u00e9sident<\/p>\n","protected":false},"author":1,"featured_media":18101,"comment_status":"open","ping_status":"open","sticky":false,"template":"","format":"standard","meta":{"footnotes":""},"categories":[21],"tags":[],"class_list":["post-18100","post","type-post","status-publish","format-standard","has-post-thumbnail","hentry","category-societe"],"_links":{"self":[{"href":"https:\/\/dekkbi.com\/index.php?rest_route=\/wp\/v2\/posts\/18100","targetHints":{"allow":["GET"]}}],"collection":[{"href":"https:\/\/dekkbi.com\/index.php?rest_route=\/wp\/v2\/posts"}],"about":[{"href":"https:\/\/dekkbi.com\/index.php?rest_route=\/wp\/v2\/types\/post"}],"author":[{"embeddable":true,"href":"https:\/\/dekkbi.com\/index.php?rest_route=\/wp\/v2\/users\/1"}],"replies":[{"embeddable":true,"href":"https:\/\/dekkbi.com\/index.php?rest_route=%2Fwp%2Fv2%2Fcomments&post=18100"}],"version-history":[{"count":2,"href":"https:\/\/dekkbi.com\/index.php?rest_route=\/wp\/v2\/posts\/18100\/revisions"}],"predecessor-version":[{"id":18104,"href":"https:\/\/dekkbi.com\/index.php?rest_route=\/wp\/v2\/posts\/18100\/revisions\/18104"}],"wp:featuredmedia":[{"embeddable":true,"href":"https:\/\/dekkbi.com\/index.php?rest_route=\/wp\/v2\/media\/18101"}],"wp:attachment":[{"href":"https:\/\/dekkbi.com\/index.php?rest_route=%2Fwp%2Fv2%2Fmedia&parent=18100"}],"wp:term":[{"taxonomy":"category","embeddable":true,"href":"https:\/\/dekkbi.com\/index.php?rest_route=%2Fwp%2Fv2%2Fcategories&post=18100"},{"taxonomy":"post_tag","embeddable":true,"href":"https:\/\/dekkbi.com\/index.php?rest_route=%2Fwp%2Fv2%2Ftags&post=18100"}],"curies":[{"name":"wp","href":"https:\/\/api.w.org\/{rel}","templated":true}]}}