{"id":18089,"date":"2023-08-03T10:01:08","date_gmt":"2023-08-03T10:01:08","guid":{"rendered":"https:\/\/dekkbi.com\/?p=18089"},"modified":"2023-08-03T10:01:09","modified_gmt":"2023-08-03T10:01:09","slug":"heritage-de-pastef-patriotes-a-qui-profitera-le-legs-de-sonko","status":"publish","type":"post","link":"https:\/\/dekkbi.com\/?p=18089","title":{"rendered":"H\u00e9ritage de Pastef\/Patriotes: \u00c0 qui profitera le legs de Sonko ?"},"content":{"rendered":"\n<h3 class=\"wp-block-heading\">La s\u00e9rie d\u2019arrestations qui frappent Pastef et sa dissolution par d\u00e9cret minist\u00e9riel ouvrent une perspective peu attendue dans l\u2019espace politique. Qu\u2019on l\u2019avoue ou pas, l\u2019h\u00e9ritage de Pastef et de son pr\u00e9sident plac\u00e9 sous mandat de d\u00e9p\u00f4t est d\u00e9sormais en jeu. Le choix pourrait se faire entre Bougane Gu\u00e8ye Dany au discours fortement empes\u00e9 contre le pouvoir et donc plus proche des Patriotes et D\u00e9thi\u00e9 Fall, ancien de Rewmi, au verbe plut\u00f4t mesur\u00e9.<\/h3>\n\n\n\n<p>La vague d\u2019arrestations qui frappe les rangs de Pastef\/Les Patriotes se poursuit de fa\u00e7on r\u00e9solue. Les derniers t\u00e9nors attendus \u00e0 la DIC sont Ma\u00efmouna Di\u00e8ye et Djamil San\u00e9. Ils sont tous les deux maires. Bien avant, l\u2019Etat a proc\u00e9d\u00e9 \u00e0 l&rsquo;arrestation de Bassirou Diomaye Faye, num\u00e9ro 2 de Pastef. Plusieurs responsables du parti de Sonko croupissent en prison. Ils sont tous comme Toussaint Manga en d\u00e9tention provisoire. Le point culminant est le placement sous mandat de d\u00e9p\u00f4t d\u2019Ousmane Sonko le lundi dernier.<\/p>\n\n\n\n<p>A l\u2019heure actuelle, en d\u00e9pit des d\u00e9put\u00e9s encore \u201cen vie\u201d comme Abass Fall et Birame Soul\u00e8ye Diop, le Pastef, dissous par d\u00e9cret le lundi dernier, est quasiment d\u00e9capit\u00e9. Il n\u2019y a vraisemblablement personne pour conduire la barque et porter le projet Pastef et son agenda. Face \u00e0 ce semblant de vide, il y a lieu de s\u2019interroger sur l\u2019h\u00e9ritage de Sonko et du projet de son parti. Deux personnalit\u00e9s \u00e9mergent du lot des potentiels h\u00e9ritiers d\u2019Ousmane Sonko. Il s\u2019agit de Bougane Gu\u00e8ye Dany de Gueum sa Bopp et de D\u00e9thi\u00e9 Fall, leader du PRP.<\/p>\n\n\n\n<p>D&rsquo;apr\u00e8s Point Actu, ces deux leaders partagent la m\u00eame jeunesse avec Ousmane Sonko. Ils sont tous quasiment de la m\u00eame g\u00e9n\u00e9ration. Ils affichent aussi la m\u00eame disponibilit\u00e9 aux c\u00f4t\u00e9s de Sonko depuis qu&rsquo;il est plac\u00e9 sous mandat de d\u00e9p\u00f4t. A l\u2019\u00e9vidence, Bougane Gu\u00e8ye Dany semble bien, voire mieux plac\u00e9 pour ravir cette place d\u2019h\u00e9ritier aux pr\u00e9tendants potentiels. Son discours radical contre le pouvoir le rapproche de la philosophie \u201cantisyst\u00e8me\u201d, mantra de Pastef et de son leader. Juste apr\u00e8s l\u2019arrestation de Sonko, le patron de Gueum sa Bopp a affich\u00e9 sur sa page facebook une d\u00e9claration virulente \u00e0 l\u2019endroit des pouvoirs publics.<\/p>\n\n\n\n<p>\u201cEmprisonner Ousmane Sonko et dissoudre le Parti Pastef, \u00e7a a toujours \u00e9t\u00e9 le r\u00eave de Macky Sall. Les magistrats du syst\u00e8me ont fait le job pour satisfaire la commande du Roi\u201d, \u00e9crit-il, sans phare. Et il ajoute : \u201cCe syst\u00e8me \u00e0 travers ces animateurs, encourage la corruption, produit des hauts fonctionnaires milliardaires corrompus et promoteurs de pauvret\u00e9, d\u00e9cide \u00e0 tout prix d&rsquo;\u00e9liminer tous les opposants qui veulent d\u00e9barrasser le S\u00e9n\u00e9gal des politiciens professionnels toujours \u00e0 la solde de la France\u201d. Ce type de discours cadre, \u00e0 l\u2019apparence, parfaitement avec la tonalit\u00e9 du verbe des Past\u00e9fiens.<\/p>\n\n\n\n<p>D\u2019ailleurs, dans son propos aux allures de r\u00e9quisitoire d\u00e9roul\u00e9 face aux m\u00e9dias samedi dernier, le procureur de la R\u00e9publique a \u00e9voqu\u00e9 cette forme de d\u00e9fiance d\u2019Ousmane Sonko vis-\u00e0-vis des juges que Bougane Gu\u00e8ye Dany affiche sans gants. Et \u00e0 l\u2019instar des militants de Pastef, il fait allusion \u00e0 \u201cla d\u00e9termination du peuple (qui) permettra de mettre fin \u00e0 la dictature d&rsquo;un r\u00e9gime en fin de r\u00e8gne\u201d, puis appelle l&rsquo;opposition \u00e0 l\u2019union \u201ccontre cette \u00e9ni\u00e8me injustice\u201d.<\/p>\n\n\n\n<p>C\u2019est clair, du point de l\u2019engagement offensif et radical face \u00e0 Macky Sall, Bougane Gu\u00e8ye Dany passe pour un s\u00e9rieux h\u00e9ritier d\u2019Ousmane Sonko et de Pastef. Il en a d\u2019ailleurs donn\u00e9 les preuves dans cette affaire de pr\u00eat de 98 milliards de FCFA destin\u00e9s au programme sp\u00e9cial de d\u00e9senclavement au minist\u00e8re des infrastructures, des transports terrestres et du d\u00e9senclavement. Intransigeant, Bougane Gu\u00e8ye Dany avait m\u00eame d\u00e9cid\u00e9 de saisir la Cour des Comptes et l\u2019Office nationale de lutte contre la fraude et la corruption (Ofnac).<\/p>\n\n\n\n<p>\u00ab Sur l\u2019histoire des 98 milliards francs CFA, je dois encore dire et rappeler que le ministre Mansour Faye n\u2019a aucunement re\u00e7u l\u2019onction du d\u00e9partement des finances et du budget \u00bb, accusait-il lors d\u2019une conf\u00e9rence de presse. A l\u2019en croire, \u201cpr\u00e8s de 13 milliards FCFA de commissions ont \u00e9t\u00e9 distribu\u00e9s sur les 98 milliards emprunt\u00e9s au nom de l\u2019Etat du S\u00e9n\u00e9gal et sans approbation du ministre des finances. \u00bb Bougane Gu\u00e8ye va plus loin en accusant Mansour Faye d\u2019avoir log\u00e9 cet argent dans un compte d\u2019une entreprise priv\u00e9e.<\/p>\n\n\n\n<p>Bougane Gu\u00e8ye Dany n\u2019a pas que des atouts pour pr\u00e9tendre \u00e0 l\u2019h\u00e9ritage de Sonko. Il pourrait, en effet, \u00eatre frein\u00e9 par ces bisbilles avec le leader de Pastef il n\u2019y a gu\u00e8re longtemps. Les divergences \u00e9taient alors assez fortes au point que \u201cTribune\u201d, le journal du Groupe D-Media ne cessait de multiplier les unes d\u00e9favorables \u00e0 l\u2019endroit de Sonko et de son parti. Les deux hommes s\u2019\u00e9taient en effet s\u00e9par\u00e9s lors de la mise en place de la coalition Yewwi en direction des derni\u00e8res Locales.<\/p>\n\n\n\n<p>Le leader du PRP, D\u00e9thi\u00e9 Fall est tr\u00e8s proche de Sonko et de son parti. Son post, apr\u00e8s l\u2019arrestation du pr\u00e9sident de Pastef, sur sa page facebook en t\u00e9moigne. \u201cNous condamnons plus que jamais l\u2019\u00e9limination d\u2019un candidat \u00e0 la pr\u00e9sidentielle et l\u2019\u00e9limination d\u2019un parti porteur de projet politique\u201d, a-t-il \u00e9crit. \u201cJe renouvelle ma totale solidarit\u00e9 et mon total soutien \u00e0 mon fr\u00e8re et ami Ousmane Sonko et au Pastef\u201d, ajoute-t-il. D\u00e9thi\u00e9 Fall a \u00e9t\u00e9 aux c\u00f4t\u00e9s de Sonko \u00e0 tous les moments difficiles qu\u2019il a travers\u00e9. Il \u00e9tait encore au tribunal le lundi o\u00f9 Sonko avait \u00e9t\u00e9 pr\u00e9sent\u00e9 au juge d\u2019instruction.<\/p>\n\n\n\n<p>Il tra\u00eene toutefois le handicap d\u2019avoir \u00e9t\u00e9, pendant de longues ann\u00e9es, le poulain d\u2019Idrissa Seck. D\u00e9thi\u00e9 Fall avait m\u00eame \u00e9t\u00e9 d\u00e9put\u00e9 du parti Rewmi de l\u2019ancien pr\u00e9sident du CESE dont la proximit\u00e9 avec Macky Sall intrigue tout le monde aujourd&rsquo;hui. Calme et pond\u00e9r\u00e9, D\u00e9thi\u00e9 Fall n\u2019a pas le temp\u00e9rament radical des Past\u00e9fiens. Son discours est mesur\u00e9 m\u00eame s\u2019il reste un opposant connu du pouvoir en place. Son profil pourrait ne pas enchanter les proches de Sonko qui craindraient en lui un possible retour au bercail. La succession est ouverte!<br><\/p>\n\n\n\n<p>Ousmane Wade<\/p>\n\n\n\n<p>LERAL<\/p>\n","protected":false},"excerpt":{"rendered":"<p>La s\u00e9rie d\u2019arrestations qui frappent Pastef et sa dissolution par d\u00e9cret minist\u00e9riel ouvrent une perspective peu attendue dans l\u2019espace politique.<\/p>\n","protected":false},"author":1,"featured_media":18090,"comment_status":"open","ping_status":"open","sticky":false,"template":"","format":"standard","meta":{"footnotes":""},"categories":[6],"tags":[],"class_list":["post-18089","post","type-post","status-publish","format-standard","has-post-thumbnail","hentry","category-politics"],"_links":{"self":[{"href":"https:\/\/dekkbi.com\/index.php?rest_route=\/wp\/v2\/posts\/18089","targetHints":{"allow":["GET"]}}],"collection":[{"href":"https:\/\/dekkbi.com\/index.php?rest_route=\/wp\/v2\/posts"}],"about":[{"href":"https:\/\/dekkbi.com\/index.php?rest_route=\/wp\/v2\/types\/post"}],"author":[{"embeddable":true,"href":"https:\/\/dekkbi.com\/index.php?rest_route=\/wp\/v2\/users\/1"}],"replies":[{"embeddable":true,"href":"https:\/\/dekkbi.com\/index.php?rest_route=%2Fwp%2Fv2%2Fcomments&post=18089"}],"version-history":[{"count":1,"href":"https:\/\/dekkbi.com\/index.php?rest_route=\/wp\/v2\/posts\/18089\/revisions"}],"predecessor-version":[{"id":18091,"href":"https:\/\/dekkbi.com\/index.php?rest_route=\/wp\/v2\/posts\/18089\/revisions\/18091"}],"wp:featuredmedia":[{"embeddable":true,"href":"https:\/\/dekkbi.com\/index.php?rest_route=\/wp\/v2\/media\/18090"}],"wp:attachment":[{"href":"https:\/\/dekkbi.com\/index.php?rest_route=%2Fwp%2Fv2%2Fmedia&parent=18089"}],"wp:term":[{"taxonomy":"category","embeddable":true,"href":"https:\/\/dekkbi.com\/index.php?rest_route=%2Fwp%2Fv2%2Fcategories&post=18089"},{"taxonomy":"post_tag","embeddable":true,"href":"https:\/\/dekkbi.com\/index.php?rest_route=%2Fwp%2Fv2%2Ftags&post=18089"}],"curies":[{"name":"wp","href":"https:\/\/api.w.org\/{rel}","templated":true}]}}