{"id":18087,"date":"2023-08-03T09:58:20","date_gmt":"2023-08-03T09:58:20","guid":{"rendered":"https:\/\/dekkbi.com\/?p=18087"},"modified":"2023-08-03T09:58:21","modified_gmt":"2023-08-03T09:58:21","slug":"le-communique-du-conseil-des-ministres-10","status":"publish","type":"post","link":"https:\/\/dekkbi.com\/?p=18087","title":{"rendered":"Le Communiqu\u00e9 du Conseil des ministres"},"content":{"rendered":"\n<p>Le Conseil des ministres s\u2019est tenu ce mercredi 02 ao\u00fbt 2023 au Palais de la R\u00e9publique, sous la&nbsp;pr\u00e9sidence du Chef de l\u2019Etat, son Excellence, Monsieur Macky SALL.<\/p>\n\n\n\n<p>A l\u2019entame de sa communication, le Pr\u00e9sident de la R\u00e9publique s\u2019est inclin\u00e9 devant la m\u00e9moire des deux personnes d\u00e9c\u00e9d\u00e9es, suite \u00e0 l\u2019attentat aux \u00ab cocktails mototov \u00bb perp\u00e9tr\u00e9, hier, sur un bus de transport public, \u00e0 hauteur du quartier de Yarakh \u00e0 Dakar.<\/p>\n\n\n\n<p>Le Chef de l\u2019Etat a pr\u00e9sent\u00e9 ses condol\u00e9ances aux familles des victimes et souhait\u00e9 un prompt r\u00e9tablissement aux bless\u00e9s. Le Pr\u00e9sident de la R\u00e9publique a d\u00e9nonc\u00e9 et condamn\u00e9 fermement cet acte terroriste odieux et criminel contre des populations innocentes pour lequel les auteurs et leurs complices seront recherch\u00e9s, arr\u00eat\u00e9s et mis hors d\u2019\u00e9tat de nuire.<\/p>\n\n\n\n<p>Face aux tentatives de subversion et de d\u00e9stabilisation, et au regard des menaces et violences pr\u00e9m\u00e9dit\u00e9es, le Pr\u00e9sident de la R\u00e9publique a tenu \u00e0 rassurer les populations que toutes les dispositions appropri\u00e9es sont prises par l\u2019Etat pour assurer la s\u00e9curit\u00e9 des personnes et des biens sur l\u2019\u00e9tendue du territoire national.<\/p>\n\n\n\n<p>Abordant la s\u00e9curit\u00e9 routi\u00e8re et l\u2019acc\u00e9l\u00e9ration de la modernisation des transports routiers publics, le Pr\u00e9sident de la R\u00e9publique a, apr\u00e8s son message du 26 juillet 2023, pr\u00e9sent\u00e9, \u00e0 nouveau, ses condol\u00e9ances les plus attrist\u00e9es aux familles \u00e9plor\u00e9es, des victimes du tragique accident de la route survenue \u00e0 Ngeune Sarr, dans la r\u00e9gion de Louga, et souhaiter un prompt r\u00e9tablissement aux bless\u00e9s.<\/p>\n\n\n\n<p>Le Chef de l\u2019Etat a soulign\u00e9 la n\u00e9cessit\u00e9 de faire appliquer, dans toute sa rigueur, les dispositions du Code de la route, mais \u00e9galement de veiller davantage au contr\u00f4le technique des v\u00e9hicules de transport public.<\/p>\n\n\n\n<p>A ce titre, le Pr\u00e9sident de la R\u00e9publique a signal\u00e9 l\u2019urgence d\u2019acc\u00e9l\u00e9rer, en concertation avec l\u2019ensemble des acteurs des transports routiers, le renouvellement des parcs de bus, taxis et gros porteurs afin d\u2019am\u00e9liorer la circulation et la s\u00e9curit\u00e9 routi\u00e8res.<\/p>\n\n\n\n<p>En outre, le Chef de l\u2019Etat a demand\u00e9, au Ministre en charge des Transports terrestres de veiller \u00e0&nbsp;l\u2019am\u00e9lioration de l\u2019organisation de la gestion des syst\u00e8mes de transports routiers dans une&nbsp;dynamique de professionnalisation des m\u00e9tiers et de respect des r\u00e8gles du Code du travail et de&nbsp;s\u00e9curit\u00e9 sociale dans le secteur au profit des employ\u00e9s, en particulier les chauffeurs et les&nbsp;receveurs.<\/p>\n\n\n\n<p>Le Pr\u00e9sident de la R\u00e9publique a, enfin, rappel\u00e9 la n\u00e9cessit\u00e9 d\u2019accorder une attention particuli\u00e8re \u00e0&nbsp;la modernisation soutenue de la Soci\u00e9t\u00e9 nationale \u00ab Dakar Dem Dik \u00bb par le renforcement de son&nbsp;parc avec des bus neufs adapt\u00e9s, et sa compl\u00e9mentarit\u00e9 op\u00e9rationnelle avec l\u2019exploitation des&nbsp;r\u00e9seaux de transport du TER et du BRT.<\/p>\n\n\n\n<p>Revenant sur l\u2019excellence du syst\u00e8me \u00e9ducatif et la maitrise strat\u00e9gique de l\u2019orientation des \u00e9l\u00e8ves&nbsp;et des nouveaux bacheliers, le Chef de l\u2019Etat a adress\u00e9 ses chaleureuses f\u00e9licitations aux (103)&nbsp;laur\u00e9ats de l\u2019\u00e9dition 2023 du Concours g\u00e9n\u00e9ral, plac\u00e9e sous le th\u00e8me : \u00ab Opportunit\u00e9s et d\u00e9fis de&nbsp;l\u2019intelligence artificielle dans le syst\u00e8me \u00e9ducatif s\u00e9n\u00e9galais \u00bb.<\/p>\n\n\n\n<p>Le Pr\u00e9sident de la R\u00e9publique a saisi l\u2019occasion de ce Conseil, pour rendre un vibrant hommage au&nbsp;parrain de l\u2019\u00e9dition de cette ann\u00e9e : le Ministre Daniel Cabou, un Grand Serviteur de l\u2019Etat, une&nbsp;r\u00e9f\u00e9rence, pour les jeunes g\u00e9n\u00e9rations, en mati\u00e8re d\u2019engagement, de patriotisme, de loyaut\u00e9 et&nbsp;d\u2019humilit\u00e9.<\/p>\n\n\n\n<p>Le Chef de l\u2019Etat a f\u00e9licit\u00e9 le Ministre de l\u2019Education nationale, les personnels enseignants, les\u00a0parents d\u2019\u00e9l\u00e8ves et toute la communaut\u00e9 \u00e9ducative pour les r\u00e9sultats satisfaisants obtenus en 2023\u00a0aux examens du baccalaur\u00e9at, du BFEM et du CFEE.<\/p>\n\n\n\n<p><br>Dans ce contexte, le Pr\u00e9sident de la R\u00e9publique a demand\u00e9 au Ministre de l\u2019Education nationale,\u00a0au Ministre de l\u2019Enseignement sup\u00e9rieur, de la Recherche et de l\u2019Innovation, et au Ministre de la\u00a0Formation professionnelle, de l\u2019Apprentissage et de l\u2019Insertion de veiller notamment \u00e0 l\u2019orientation\u00a0dans les d\u00e9lais des nouveaux bacheliers dans les universit\u00e9s et \u00e9tablissements d\u2019enseignement\u00a0sup\u00e9rieur public, mais \u00e9galement d\u2019accompagner l\u2019orientation d\u2019\u00e9l\u00e8ves titulaires du BFEM dans les\u00a0fili\u00e8res d\u2019enseignement professionnelle et technique, conform\u00e9ment au quota de 30 % retenu.<\/p>\n\n\n\n<p>Le Chef de l\u2019Etat a rappel\u00e9, enfin, la n\u00e9cessit\u00e9 d\u2019engager :<\/p>\n\n\n\n<p>\u2022 l\u2019actualisation des programmes scolaires, ainsi que le renforcement imp\u00e9ratif de l\u2019instruction&nbsp;civique dans les \u00e9coles ;<br>\u2022 l\u2019acc\u00e9l\u00e9ration de la r\u00e9habilitation et de l\u2019informatisation des \u00e9tablissements scolaires ;<br>\u2022 la r\u00e9forme du Baccalaur\u00e9at et la mont\u00e9e en puissance des lyc\u00e9es d\u2019excellence et des classes&nbsp;pr\u00e9paratoires scientifiques aux grandes \u00e9coles afin de consolider la qualit\u00e9 et les&nbsp;performances du syst\u00e8me \u00e9ducatif national.<\/p>\n\n\n\n<p>Sur le climat social, la gestion et le suivi des affaires int\u00e9rieures, le Pr\u00e9sident de la R\u00e9publique est&nbsp;revenu sur les sujets suivants :<br>\u2022 les pr\u00e9paratifs du Grand Magal de Touba : en demandant au Gouvernement de prendre&nbsp;toutes les dispositions logistiques et s\u00e9curitaires ad\u00e9quates, en vue d\u2019assurer, en liaison avec&nbsp;le Comit\u00e9 d\u2019organisation et les diff\u00e9rentes parties prenantes, un bon d\u00e9roulement de&nbsp;l\u2019\u00e9v\u00e8nement ;<br>\u2022 le suivi des actions de pr\u00e9vention et de gestion des inondations : en rappelant au&nbsp;Premier Ministre, et aux Ministres en charge des Forces arm\u00e9es, de l\u2019Int\u00e9rieur, de l\u2019Eau et&nbsp;de l\u2019Assainissement, de la Pr\u00e9vention et de la Gestion des Inondations, l\u2019urgence de&nbsp;mobiliser les dispositifs pr\u00e9ventifs d\u2019assainissement et de pompage des eaux pluviales, afin<br>de limiter les risques d\u2019inondations signal\u00e9s dans les quartiers de la r\u00e9gion capitale et dans&nbsp;les communes impact\u00e9es (Touba, Keur Massar, Thi\u00e8s, Bambey\u2026).<\/p>\n\n\n\n<p>Le Chef de l\u2019Etat a demand\u00e9, par ailleurs, au Ministre en charge des routes de veiller, en cette&nbsp;p\u00e9riode d\u2019hivernage, \u00e0 la fluidit\u00e9 de la circulation sur les routes et autoroutes du S\u00e9n\u00e9gal.<\/p>\n\n\n\n<p>Dans sa communication, le Premier Ministre est revenu sur le suivi de la coordination de l\u2019activit\u00e9&nbsp;gouvernementale en \u00e9voquant :<br>\u2022 la r\u00e9union sur les inondations ;<br>\u2022 les Jeux de la Francophonie ;<br>\u2022 la pr\u00e9paration du PAP3 du PSE ;<\/p>\n\n\n\n<p>AU TITRE DES COMMUNICATIONS DES MINISTRES<\/p>\n\n\n\n<p>\u2022 le Ministre des Affaires \u00e9trang\u00e8res et des S\u00e9n\u00e9galais de l\u2019Ext\u00e9rieur a fait une communication&nbsp;sur la situation internationale ;<br>\u2022 le Ministre des Infrastructures, des Transports terrestres et du D\u00e9senclavement a fait une&nbsp;communication sur le Forum international pour le financement des infrastructures ferroviaires&nbsp;en Afrique ;<br>\u2022 le Ministre de l&rsquo;Agriculture, de l\u2019Equipement rural et de la Souverainet\u00e9 alimentaire a fait une&nbsp;communication sur le suivi de la campagne agricole 2023-2024 et les statistiques des&nbsp;exportations des produits horticoles.<\/p>\n\n\n\n<p>AU TITRE DES TEXTES LEGISLATIFS ET REGLEMENTAIRES<br>Le Conseil a examin\u00e9 et adopt\u00e9 :<br>\u2022 le projet de loi autorisant la cr\u00e9ation de la soci\u00e9t\u00e9 nationale d\u00e9nomm\u00e9e \u00abAutoroutes du&nbsp;S\u00e9n\u00e9gal \u00bb (ADS);<br>\u2022 le projet de d\u00e9cret fixant les r\u00e8gles d\u2019organisation et de fonctionnement du Laboratoire&nbsp;national de r\u00e9f\u00e9rence dans le domaine du B\u00e2timent et des Travaux publics (LNR-BTP) ;<br>\u2022 le projet de d\u00e9cret fixant les r\u00e8gles d\u2019organisation et de fonctionnement de l\u2019Institut s\u00e9n\u00e9galais&nbsp;de Recherches agricoles (ISRA) ;<br>\u2022 le projet de d\u00e9cret fixant le r\u00e9gime sp\u00e9cial applicable aux personnels administratif et de&nbsp;service (PATS) des \u00e9tablissements publics d\u2019enseignement sup\u00e9rieur et des centres des&nbsp;\u0153uvres universitaires.<br>\u2022 le projet de d\u00e9cret portant organisation du Minist\u00e8re de l&rsquo;Urbanisme, du Logement et de&nbsp;l&rsquo;Hygi\u00e8ne publique.<\/p>\n","protected":false},"excerpt":{"rendered":"<p>Le Conseil des ministres s\u2019est tenu ce mercredi 02 ao\u00fbt 2023 au Palais de la R\u00e9publique, sous la&nbsp;pr\u00e9sidence du Chef<\/p>\n","protected":false},"author":1,"featured_media":10505,"comment_status":"open","ping_status":"open","sticky":false,"template":"","format":"standard","meta":{"footnotes":""},"categories":[6],"tags":[],"class_list":["post-18087","post","type-post","status-publish","format-standard","has-post-thumbnail","hentry","category-politics"],"_links":{"self":[{"href":"https:\/\/dekkbi.com\/index.php?rest_route=\/wp\/v2\/posts\/18087","targetHints":{"allow":["GET"]}}],"collection":[{"href":"https:\/\/dekkbi.com\/index.php?rest_route=\/wp\/v2\/posts"}],"about":[{"href":"https:\/\/dekkbi.com\/index.php?rest_route=\/wp\/v2\/types\/post"}],"author":[{"embeddable":true,"href":"https:\/\/dekkbi.com\/index.php?rest_route=\/wp\/v2\/users\/1"}],"replies":[{"embeddable":true,"href":"https:\/\/dekkbi.com\/index.php?rest_route=%2Fwp%2Fv2%2Fcomments&post=18087"}],"version-history":[{"count":1,"href":"https:\/\/dekkbi.com\/index.php?rest_route=\/wp\/v2\/posts\/18087\/revisions"}],"predecessor-version":[{"id":18088,"href":"https:\/\/dekkbi.com\/index.php?rest_route=\/wp\/v2\/posts\/18087\/revisions\/18088"}],"wp:featuredmedia":[{"embeddable":true,"href":"https:\/\/dekkbi.com\/index.php?rest_route=\/wp\/v2\/media\/10505"}],"wp:attachment":[{"href":"https:\/\/dekkbi.com\/index.php?rest_route=%2Fwp%2Fv2%2Fmedia&parent=18087"}],"wp:term":[{"taxonomy":"category","embeddable":true,"href":"https:\/\/dekkbi.com\/index.php?rest_route=%2Fwp%2Fv2%2Fcategories&post=18087"},{"taxonomy":"post_tag","embeddable":true,"href":"https:\/\/dekkbi.com\/index.php?rest_route=%2Fwp%2Fv2%2Ftags&post=18087"}],"curies":[{"name":"wp","href":"https:\/\/api.w.org\/{rel}","templated":true}]}}