{"id":18076,"date":"2023-08-03T09:44:51","date_gmt":"2023-08-03T09:44:51","guid":{"rendered":"https:\/\/dekkbi.com\/?p=18076"},"modified":"2023-08-03T09:44:52","modified_gmt":"2023-08-03T09:44:52","slug":"succession-de-macky-faye-dans-la-candidature-amadou-mame-diop-porte-par-la-belle-famille","status":"publish","type":"post","link":"https:\/\/dekkbi.com\/?p=18076","title":{"rendered":"Succession de Macky \u2013 Faye dans la candidature : Amadou Mame Diop port\u00e9 par la belle-famille"},"content":{"rendered":"\n<p><strong>La belle famille du pr\u00e9sident Macky Sall porterait la candidature du pr\u00e9sident de l\u2019Assembl\u00e9e nationale, pour l\u2019opposer aux candidats d\u00e9j\u00e0 annonc\u00e9s. Seulement, certains des caciques qui sont d\u00e9j\u00e0 sortis du bois n\u2019entendent pas se laisser faire sans r\u00e9agir.<\/strong><\/p>\n\n\n\n<p><strong>Par M. GUEYE<\/strong><\/p>\n\n\n\n<p>Le suspense continue pour la d\u00e9signation du candidat de l\u2019alliance Bennoo Bokk Yaakaar \u00e0 la pr\u00e9sidentielle de 2024. Si tous les t\u00e9nors de la coalition sont riv\u00e9s aux l\u00e8vres du patron, ce dernier ne semble pas avoir la partie facile pour autant. On peut imaginer que si Macky Sall ne rend toujours pas public son choix du champion qui va porter les couleurs de son groupe, c\u2019est qu\u2019il est g\u00ean\u00e9 aux entournures. D\u00e8s l\u2019annonce de sa volont\u00e9 de ne pas participer \u00e0 la course, on a vu plusieurs membres de Bennoo, et de l\u2019Apr en particulier, rendre publique leur volont\u00e9 de briguer les suffrages des S\u00e9n\u00e9galais pour lui succ\u00e9der.<\/p>\n\n\n\n<p>Parmi les noms r\u00e9guli\u00e8rement d\u00e9clam\u00e9s par les journalistes et les observateurs, ressortent ceux de Abdoulaye Daouda Diallo, le pr\u00e9sident du Conseil \u00e9conomique social et environnemental (Cese), de Aly Ngouille Ndiaye, le Ministre de l\u2019Agriculture de l\u2019\u00e9quipement rural et de la s\u00e9curit\u00e9 alimentaire (Maersa), du Dg du Fonsis, Abdoulaye Diouf Sarr, et du Premier ministre Amadou Ba. Beaucoup d\u2019observateurs ont jusque-l\u00e0 estim\u00e9 que le candidat de Benno ne pouvait sortir que de ce groupe. Mais les choses pourraient changer.<br>Des informations obtenues par les m\u00e9dias ces derniers jours ont commenc\u00e9 de faire la promotion de la candidature de Amadou Mame Diop, le pr\u00e9sident de l\u2019Assembl\u00e9e nationale. Sa candidature est pr\u00e9sent\u00e9e comme port\u00e9e par des \u00e9lus du d\u00e9partement de Dagana, dont il a \u00e9t\u00e9 le d\u00e9put\u00e9 depuis trois l\u00e9gislatures environ. M. Diop est pr\u00e9sent\u00e9 comme l\u2019homme pouvant mettre d\u2019accord tous ces caciques de l\u2019Apr, avec, selon les m\u00eames sources, \u00abune plus grande l\u00e9gitimit\u00e9 \u00e9lective\u00bb, en plus de sa fid\u00e9lit\u00e9 au pr\u00e9sident et au parti au pouvoir.<\/p>\n\n\n\n<p>Le Quotidien a appris qu\u2019en r\u00e9alit\u00e9 du soutien \u00abdes \u00e9lus de Dagana\u00bb, ce seraient plut\u00f4t des proches de la belle-famille du pr\u00e9sident Macky Sall qui seraient \u00e0 la man\u0153uvre. Le nom du beau-fr\u00e8re Amadou Mansour Faye, ministre des Transports terrestres et du d\u00e9senclavement de son \u00e9tat, est pr\u00e9sent\u00e9 comme \u00e9tant celui qui porterait avec acharnement la candidature de Amadou Mame Diop, un ami personnel de sa famille.<\/p>\n\n\n\n<p>Cette agitation de ses proches mettrait mal \u00e0 l\u2019aise le chef de l\u2019Etat, selon des personnes proches de lui, et bien inform\u00e9es de cette situation. Il semblerait que le pr\u00e9sident de la R\u00e9publique aurait d\u00e9j\u00e0 fait son choix, mais serait embarrass\u00e9 par l\u2019activisme de sa belle-famille. D\u2019autant plus qu\u2019il serait conscient que le choix de Amadou Mame Diop ne garantirait pas la victoire \u00e0 son camp.<\/p>\n\n\n\n<p>Par ailleurs, des proches du Premier ministre n\u2019envisagent pas que Amadou Ba ne puisse pas \u00eatre candidat, dans tous les cas de figure. Ils estiment qu\u2019en le nommant \u00e0 cette station, le pr\u00e9sident Macky Sall l\u2019a d\u00e9j\u00e0, en quelque sorte, adoub\u00e9. Pour eux, il serait incons\u00e9quent qu\u2019apr\u00e8s l\u2019avoir dot\u00e9 de tant de pouvoir, et en quelque sorte pr\u00e9par\u00e9 \u00e0 la fonction supr\u00eame, le chef de l\u2019Etat puisse lui pr\u00e9f\u00e9rer quelqu\u2019un d\u2019autre.<\/p>\n\n\n\n<p>Et dans cette hypoth\u00e8se, ces confidents de Amadou Ba disent que ce dernier n\u2019aurait d\u2019autre choix que de porter sa candidature en dehors du giron pr\u00e9sidentiel. Si cela advenait, on ne pourrait alors que constater la mort de la coalition pr\u00e9sidentielle.<\/p>\n\n\n\n<p><br><strong>mgueye@lequotidien.sn<\/strong><\/p>\n","protected":false},"excerpt":{"rendered":"<p>La belle famille du pr\u00e9sident Macky Sall porterait la candidature du pr\u00e9sident de l\u2019Assembl\u00e9e nationale, pour l\u2019opposer aux candidats d\u00e9j\u00e0<\/p>\n","protected":false},"author":1,"featured_media":18077,"comment_status":"open","ping_status":"open","sticky":false,"template":"","format":"standard","meta":{"footnotes":""},"categories":[6],"tags":[],"class_list":["post-18076","post","type-post","status-publish","format-standard","has-post-thumbnail","hentry","category-politics"],"_links":{"self":[{"href":"https:\/\/dekkbi.com\/index.php?rest_route=\/wp\/v2\/posts\/18076","targetHints":{"allow":["GET"]}}],"collection":[{"href":"https:\/\/dekkbi.com\/index.php?rest_route=\/wp\/v2\/posts"}],"about":[{"href":"https:\/\/dekkbi.com\/index.php?rest_route=\/wp\/v2\/types\/post"}],"author":[{"embeddable":true,"href":"https:\/\/dekkbi.com\/index.php?rest_route=\/wp\/v2\/users\/1"}],"replies":[{"embeddable":true,"href":"https:\/\/dekkbi.com\/index.php?rest_route=%2Fwp%2Fv2%2Fcomments&post=18076"}],"version-history":[{"count":1,"href":"https:\/\/dekkbi.com\/index.php?rest_route=\/wp\/v2\/posts\/18076\/revisions"}],"predecessor-version":[{"id":18078,"href":"https:\/\/dekkbi.com\/index.php?rest_route=\/wp\/v2\/posts\/18076\/revisions\/18078"}],"wp:featuredmedia":[{"embeddable":true,"href":"https:\/\/dekkbi.com\/index.php?rest_route=\/wp\/v2\/media\/18077"}],"wp:attachment":[{"href":"https:\/\/dekkbi.com\/index.php?rest_route=%2Fwp%2Fv2%2Fmedia&parent=18076"}],"wp:term":[{"taxonomy":"category","embeddable":true,"href":"https:\/\/dekkbi.com\/index.php?rest_route=%2Fwp%2Fv2%2Fcategories&post=18076"},{"taxonomy":"post_tag","embeddable":true,"href":"https:\/\/dekkbi.com\/index.php?rest_route=%2Fwp%2Fv2%2Ftags&post=18076"}],"curies":[{"name":"wp","href":"https:\/\/api.w.org\/{rel}","templated":true}]}}