{"id":18029,"date":"2023-08-02T11:46:19","date_gmt":"2023-08-02T11:46:19","guid":{"rendered":"https:\/\/dekkbi.com\/?p=18029"},"modified":"2023-08-02T11:46:20","modified_gmt":"2023-08-02T11:46:20","slug":"tuez-le-boer-le-blanc-vive-polemique-apres-un-chant-anti-apartheid-entonne-par-90-000-personnes","status":"publish","type":"post","link":"https:\/\/dekkbi.com\/?p=18029","title":{"rendered":"\u201cTuez le Boer (le blanc)\u201d: vive pol\u00e9mique apr\u00e8s un chant anti-apartheid entonn\u00e9 par 90.000 personnes"},"content":{"rendered":"\n<p>Le premier parti d\u2019opposition sud-africain a accus\u00e9 lundi son principal rival de la gauche radicale d\u2019avoir incit\u00e9 \u00e0 la haine en entonnant un c\u00e9l\u00e8bre chant controvers\u00e9 de la lutte anti-apartheid, et ferm\u00e9 la porte \u00e0 toute large coalition en vue des \u00e9lections de l\u2019an prochain.<\/p>\n\n\n\n<p>Lors d\u2019un rassemblement samedi, Julius Malema, leader des Combattants pour la libert\u00e9 \u00e9conomique (EFF), a chant\u00e9 \u201cTuez le Boer, le fermier\u201d, devant quelque 90.000 partisans en liesse dans un stade bond\u00e9 de Soweto.<\/p>\n\n\n\n<p>Les Boers sont les descendants des premiers colons n\u00e9erlandais.<\/p>\n\n\n\n<p>\u201cVoici un homme d\u00e9termin\u00e9 \u00e0 d\u00e9clencher une guerre civile\u201d, a accus\u00e9 John Steenhuisen, chef de file de l\u2019Alliance d\u00e9mocratique (DA), d\u2019inspiration lib\u00e9rale. Il a d\u00e9crit M. Malema &#8211; \u201cJuju\u201d, comme l\u2019appellent les Sud-Africains &#8211; comme un \u201ctyran assoiff\u00e9 de sang\u201d d\u00e9termin\u00e9 \u00e0 inciter au \u201cmeurtre de masse\u201d.<\/p>\n\n\n\n<p>L\u2019EFF, interrog\u00e9 par l\u2019AFP, n\u2019a pas comment\u00e9 dans l\u2019imm\u00e9diat.<\/p>\n\n\n\n<p>Le DA envisage de porter plainte contre le charismatique et volontiers provocateur M. Malema, 42 ans. Coiff\u00e9 de son inusable b\u00e9ret rouge, ce dernier a lev\u00e9 le poing un long moment samedi sur une sc\u00e8ne sur\u00e9lev\u00e9e, dans un tourbillon de confettis rouge et or.<\/p>\n\n\n\n<p>Ce grand show, destin\u00e9 \u00e0 f\u00eater les dix ans de son mouvement, a aussi pris la forme d\u2019une d\u00e9monstration de force \u00e0 moins d\u2019un an d\u2019\u00e9lections cruciales o\u00f9 l\u2019ANC, au pouvoir depuis la fin de l\u2019apartheid, pourrait pour la premi\u00e8re fois perdre sa majorit\u00e9 parlementaire et donc la pr\u00e9sidence.<\/p>\n","protected":false},"excerpt":{"rendered":"<p>Le premier parti d\u2019opposition sud-africain a accus\u00e9 lundi son principal rival de la gauche radicale d\u2019avoir incit\u00e9 \u00e0 la haine<\/p>\n","protected":false},"author":1,"featured_media":18030,"comment_status":"open","ping_status":"open","sticky":false,"template":"","format":"standard","meta":{"footnotes":""},"categories":[51],"tags":[],"class_list":["post-18029","post","type-post","status-publish","format-standard","has-post-thumbnail","hentry","category-general"],"_links":{"self":[{"href":"https:\/\/dekkbi.com\/index.php?rest_route=\/wp\/v2\/posts\/18029","targetHints":{"allow":["GET"]}}],"collection":[{"href":"https:\/\/dekkbi.com\/index.php?rest_route=\/wp\/v2\/posts"}],"about":[{"href":"https:\/\/dekkbi.com\/index.php?rest_route=\/wp\/v2\/types\/post"}],"author":[{"embeddable":true,"href":"https:\/\/dekkbi.com\/index.php?rest_route=\/wp\/v2\/users\/1"}],"replies":[{"embeddable":true,"href":"https:\/\/dekkbi.com\/index.php?rest_route=%2Fwp%2Fv2%2Fcomments&post=18029"}],"version-history":[{"count":1,"href":"https:\/\/dekkbi.com\/index.php?rest_route=\/wp\/v2\/posts\/18029\/revisions"}],"predecessor-version":[{"id":18031,"href":"https:\/\/dekkbi.com\/index.php?rest_route=\/wp\/v2\/posts\/18029\/revisions\/18031"}],"wp:featuredmedia":[{"embeddable":true,"href":"https:\/\/dekkbi.com\/index.php?rest_route=\/wp\/v2\/media\/18030"}],"wp:attachment":[{"href":"https:\/\/dekkbi.com\/index.php?rest_route=%2Fwp%2Fv2%2Fmedia&parent=18029"}],"wp:term":[{"taxonomy":"category","embeddable":true,"href":"https:\/\/dekkbi.com\/index.php?rest_route=%2Fwp%2Fv2%2Fcategories&post=18029"},{"taxonomy":"post_tag","embeddable":true,"href":"https:\/\/dekkbi.com\/index.php?rest_route=%2Fwp%2Fv2%2Ftags&post=18029"}],"curies":[{"name":"wp","href":"https:\/\/api.w.org\/{rel}","templated":true}]}}