{"id":18018,"date":"2023-08-02T10:57:37","date_gmt":"2023-08-02T10:57:37","guid":{"rendered":"https:\/\/dekkbi.com\/?p=18018"},"modified":"2023-08-02T10:57:38","modified_gmt":"2023-08-02T10:57:38","slug":"francais-evacues-du-niger-on-est-contents-detre-revenus-et-malheureux-de-laisser-le-pays-dans-cette-situation","status":"publish","type":"post","link":"https:\/\/dekkbi.com\/?p=18018","title":{"rendered":"Fran\u00e7ais \u00e9vacu\u00e9s du Niger: \u00abOn est contents d\u2019\u00eatre revenus et malheureux de laisser le pays dans cette situation\u00bb"},"content":{"rendered":"\n<p>Vers 2 heures ce mercredi matin, le premier avion de\u00a0<strong>l&rsquo;op\u00e9ration d&rsquo;\u00e9vacuation<\/strong>\u00a0a atterri \u00e0 l&rsquo;a\u00e9roport Roissy-Charles-de-Gaulle. \u00c0 son bord, 262 personnes en provenance de la capitale du Niger, Niamey. Parmi eux, une majorit\u00e9 de Fran\u00e7ais, mais aussi des Libanais, des Belges ou encore des Portugais.<\/p>\n\n\n\n<p>Il a fallu plus d&rsquo;une heure apr\u00e8s l&rsquo;atterrissage de l&rsquo;A330 militaires pour que les premiers passagers sortent enfin au compte-goutte apr\u00e8s 5h30 de vol. M\u00eame si la fatigue se lisait sur les visages, c&rsquo;est le soulagement. Charles, la quarantaine, est le premier \u00e0 franchir la porte des arriv\u00e9es. \u00ab<em>\u00a0On est contents d\u2019\u00eatre revenus et un peu malheureux de laisser le\u00a0<strong>Niger\u00a0<\/strong>dans cette situation de prise d\u2019otages plus que de putsch<\/em>, a-t-il r\u00e9agi au micro de\u00a0<strong>Candice Mazaud-Tomazic<\/strong>.\u00a0<em>On verra dans les jours et semaines prochains comment \u00e7a va \u00e9voluer l\u00e0-bas. Nous qui y sommes assez attach\u00e9s, on va suivre \u00e7a avec attention.\u00a0<\/em>\u00bb<\/p>\n\n\n\n<p>Les passagers \u00e9taient limit\u00e9s \u00e0 un sac \u00e0 dos, rien de plus. Alors quand le message de l&rsquo;ambassade est tomb\u00e9 mardi matin, il a fallu partir au d\u00e9bott\u00e9 comme Bernard, au Niger depuis deux mois, en mission pour l&rsquo;Union europ\u00e9enne : \u00ab<em>&nbsp;Deux ordinateurs, deux tee-shirts, une paire de chaussettes, une brosse \u00e0 dent. Le reste, j\u2019ai tout laiss\u00e9 l\u00e0-bas.&nbsp;<\/em>\u00bb<\/p>\n\n\n\n<h2 class=\"wp-block-heading\">Des ressortissants plus ou moins inquiets<\/h2>\n\n\n\n<p>Si Bernard manque d&rsquo;affaires personnelles, d&rsquo;autres sont \u00e0 la recherche d&rsquo;un toit. Ils peuvent pour cela compter sur l&rsquo;appui des \u00e9quipes de la Croix-Rouge et de l&rsquo;organisation France Horizon pr\u00e9sentes d\u00e8s le mardi 1er ao\u00fbt \u00e0 Roissy. Pour Louise, 25 ans, aucun probl\u00e8me de logement. D\u00e8s sa descente d&rsquo;avion, elle a pu rentrer chez ses parents en r\u00e9gion parisienne. Mais une question la taraude : que va-t-il se passer maintenant sur place ? \u00ab<em>&nbsp;Je n\u2019ai pas pu dire au revoir \u00e0 tous mes coll\u00e8gues et je pense \u00e0 eux, parce qu\u2019ils restent sur place, ils sont Nig\u00e9riens<\/em>, explique Louise.<em>&nbsp;Je n\u2019ai jamais craint pour ma s\u00e9curit\u00e9. Mais maintenant il y a le doute sur ce qui se passe sur place et comment \u00e7a se passera pour les gens qu\u2019on a rencontr\u00e9s l\u00e0-bas.&nbsp;<\/em>\u00bb<\/p>\n\n\n\n<p>Oussman, Fran\u00e7ais d&rsquo;origine nig\u00e9rienne, \u00e9tait en vacances avec ses enfants comme tous les ans lorsqu&rsquo;il a re\u00e7u un message de l&rsquo;ambassade pour lui proposer de rentrer. Il n&rsquo;est pas aussi inquiet. Ce qui se passe politiquement n&rsquo;avait pas de cons\u00e9quences sur le terrain&nbsp;\u00e0 Niamey, selon lui&nbsp;:&nbsp;\u00ab<em>&nbsp;Il y a eu effectivement ce qui s&rsquo;est pass\u00e9 au niveau de l\u2019ambassade, mais en dehors de \u00e7a, je n\u2019\u00e9tais pas inquiet pour ma s\u00e9curit\u00e9. Mais je dirais inquiet du fait que si les fronti\u00e8res restaient ferm\u00e9es, je risquais de rater peut-\u00eatre la rentr\u00e9e pour mes enfants. Mais c\u2019est tout.<\/em>&nbsp;\u00bb<\/p>\n\n\n\n<p>Le rythme des rotations a\u00e9riennes doit s&rsquo;acc\u00e9l\u00e9rer.&nbsp;Le minist\u00e8re des Affaires \u00e9trang\u00e8res s&rsquo;est fix\u00e9 l&rsquo;objectif de rapatrier 400 autres Fran\u00e7ais en plus de ceux dans les premiers vols, d&rsquo;ici ce mercredi \u00e0 la mi-journ\u00e9e.&nbsp;En tout, sur les 1 200 Fran\u00e7ais vivant au Niger, 600 ont demand\u00e9 \u00e0 quitter le pays. \u00c0 noter que seuls les civils sont concern\u00e9s . L&rsquo;\u00e9vacuation des militaires fran\u00e7ais n&rsquo;est en revanche pas \u00ab&nbsp;<em>\u00e0 l&rsquo;ordre du jour&nbsp;<\/em>\u00bb a pr\u00e9venu l&rsquo;\u00e9tat-major des arm\u00e9es.<\/p>\n\n\n\n<p>Cette op\u00e9ration, le Quai d&rsquo;Orsay, l&rsquo;a pr\u00e9sent\u00e9e comme une r\u00e9ponse aux violences survenues dimanche devant l&rsquo;ambassade de France \u00e0 Niamey. Une source diplomatique indique \u00e9galement la crainte d&rsquo;autres d\u00e9bordements jeudi 3 ao\u00fbt, jour de la f\u00eate de l&rsquo;ind\u00e9pendance du Niger.<\/p>\n\n\n\n<p>Niger: comment d\u2019autres pays occidentaux se positionnent sur un \u00e9ventuel rapatriement<\/p>\n\n\n\n<p>L&rsquo;Italie et l&rsquo;Espagne pr\u00e9parent chacune leur propre dispositif. Tout en se refusant \u00e0 parler \u00ab&nbsp;<em>d&rsquo;\u00e9vacuation<\/em>&nbsp;\u00bb, Rome a annonc\u00e9 ce 1er ao\u00fbt qu&rsquo;elle allait affr\u00e9ter un vol sp\u00e9cial pour permettre aux quelques 90 Italiens qui se trouvent \u00e0 Niamey de quitter le pays, s&rsquo;ils le souhaitent. Le ministre des Affaires \u00e9trang\u00e8res Antonio Tajani a pr\u00e9cis\u00e9 que l&rsquo;ambassade italienne resterait n\u00e9anmoins \u00ab&nbsp;<em>ouverte et op\u00e9rationnelle<\/em>&nbsp;\u00bb. C\u00f4t\u00e9 espagnol, les autorit\u00e9s ont recens\u00e9 environ 70 citoyens sur le sol nig\u00e9rien, et le minist\u00e8re de la D\u00e9fense travaille sur un plan d&rsquo;\u00e9vacuation par voie a\u00e9rienne.<\/p>\n\n\n\n<p>L&rsquo;Allemagne, qui compte moins de 100 ressortissants dans le pays, leur a conseill\u00e9 d&rsquo;accepter l&rsquo;offre de la France, Paris ayant propos\u00e9 hier d&rsquo;\u00e9vacuer les citoyens europ\u00e9ens qui le souhaitent. Plusieurs ressortissants belges se sont manifest\u00e9s et seront prochainement rapatri\u00e9s \u00e0 bord d&rsquo;avions fran\u00e7ais.<\/p>\n\n\n\n<p>Au Royaume-Uni, le Foreign Office a demand\u00e9 \u00e0 la centaine de Britanniques qui se trouvent au Niger de rester chez eux, mais n&rsquo;a pas donn\u00e9 de consigne d&rsquo;\u00e9vacuation. Une position similaire \u00e0 celle des \u00c9tats-Unis, o\u00f9 la Maison Blanche a fait savoir que, en l&rsquo;absence d&rsquo;indications de menaces directes contre les citoyens am\u00e9ricains, aucune d\u00e9cision d&rsquo;\u00e9vacuation n&rsquo;avait \u00e9t\u00e9 prise \u00e0 l&rsquo;heure actuelle.<\/p>\n","protected":false},"excerpt":{"rendered":"<p>Vers 2 heures ce mercredi matin, le premier avion de\u00a0l&rsquo;op\u00e9ration d&rsquo;\u00e9vacuation\u00a0a atterri \u00e0 l&rsquo;a\u00e9roport Roissy-Charles-de-Gaulle. \u00c0 son bord, 262 personnes<\/p>\n","protected":false},"author":1,"featured_media":18019,"comment_status":"open","ping_status":"open","sticky":false,"template":"","format":"standard","meta":{"footnotes":""},"categories":[51],"tags":[],"class_list":["post-18018","post","type-post","status-publish","format-standard","has-post-thumbnail","hentry","category-general"],"_links":{"self":[{"href":"https:\/\/dekkbi.com\/index.php?rest_route=\/wp\/v2\/posts\/18018","targetHints":{"allow":["GET"]}}],"collection":[{"href":"https:\/\/dekkbi.com\/index.php?rest_route=\/wp\/v2\/posts"}],"about":[{"href":"https:\/\/dekkbi.com\/index.php?rest_route=\/wp\/v2\/types\/post"}],"author":[{"embeddable":true,"href":"https:\/\/dekkbi.com\/index.php?rest_route=\/wp\/v2\/users\/1"}],"replies":[{"embeddable":true,"href":"https:\/\/dekkbi.com\/index.php?rest_route=%2Fwp%2Fv2%2Fcomments&post=18018"}],"version-history":[{"count":1,"href":"https:\/\/dekkbi.com\/index.php?rest_route=\/wp\/v2\/posts\/18018\/revisions"}],"predecessor-version":[{"id":18020,"href":"https:\/\/dekkbi.com\/index.php?rest_route=\/wp\/v2\/posts\/18018\/revisions\/18020"}],"wp:featuredmedia":[{"embeddable":true,"href":"https:\/\/dekkbi.com\/index.php?rest_route=\/wp\/v2\/media\/18019"}],"wp:attachment":[{"href":"https:\/\/dekkbi.com\/index.php?rest_route=%2Fwp%2Fv2%2Fmedia&parent=18018"}],"wp:term":[{"taxonomy":"category","embeddable":true,"href":"https:\/\/dekkbi.com\/index.php?rest_route=%2Fwp%2Fv2%2Fcategories&post=18018"},{"taxonomy":"post_tag","embeddable":true,"href":"https:\/\/dekkbi.com\/index.php?rest_route=%2Fwp%2Fv2%2Ftags&post=18018"}],"curies":[{"name":"wp","href":"https:\/\/api.w.org\/{rel}","templated":true}]}}