{"id":18010,"date":"2023-08-02T10:46:19","date_gmt":"2023-08-02T10:46:19","guid":{"rendered":"https:\/\/dekkbi.com\/?p=18010"},"modified":"2023-08-02T10:46:20","modified_gmt":"2023-08-02T10:46:20","slug":"rencontre-les-feministes-reunis-a-dakar-valoriser-la-recherche-et-orienter-les-strategies","status":"publish","type":"post","link":"https:\/\/dekkbi.com\/?p=18010","title":{"rendered":"Rencontre \u2013 Les f\u00e9ministes r\u00e9unis \u00e0 Dakar : Valoriser la recherche et orienter les strat\u00e9gies"},"content":{"rendered":"\n<p><strong>La premi\u00e8re \u00e9dition de l\u2019Universit\u00e9 d\u2019\u00e9t\u00e9 f\u00e9ministe d\u2019Afrique de l\u2019Ouest et du Centre s\u2019est ouverte hier \u00e0 Dakar. Il s\u2019agit, durant cette rencontre de trois jours, de permettre \u00e0 des chercheur.ses et universitaires de discuter avec un public militant venu de divers horizons sur des questions sp\u00e9cifiques telles que les agressions sexuelles, le harc\u00e8lement, la pauvret\u00e9, les droits \u00e9conomiques bafou\u00e9s et la mont\u00e9e du conservatisme religieux anti-droits. L\u2019ouverture des travaux a \u00e9t\u00e9 marqu\u00e9e par le lancement officiel de J-Gen Tv, une t\u00e9l\u00e9vision r\u00e9serv\u00e9e uniquement aux femmes.<\/strong><\/p>\n\n\n\n<p><strong>Par Ousmane SOW \u2013&nbsp;<\/strong>Des chercheur.ses, universitaires, femmes de lettres, f\u00e9ministes activistes militantes, entre autres, sont en conclave \u00e0 Dakar pour discuter sur des questions sp\u00e9cifiques telles que les agressions sexuelles, le harc\u00e8lement, la pauvret\u00e9, les droits \u00e9conomiques bafou\u00e9s, ainsi que les enjeux li\u00e9s aux changements climatiques et \u00e0 la mont\u00e9e du conservatisme religieux anti-droits, avec un public militant. Ouverte hier, cette rencontre, la premi\u00e8re du genre dans l\u2019histoire du f\u00e9minisme au S\u00e9n\u00e9gal, r\u00e9unit plus de 200 partitipant.e.s issus de l\u2019espace Cedeao, du continent africain et du monde, pour partager des contributions scientifiques et exp\u00e9riences militantes. A l\u2019initiative de J-Gen S\u00e9n\u00e9gal, en partenariat avec le Collectif des femmes f\u00e9ministes du S\u00e9n\u00e9gal (Cfs), cette premi\u00e8re \u00e9dition est plac\u00e9e sous le th\u00e8me&nbsp;: \u00abDe la th\u00e9orie \u00e0 l\u2019action f\u00e9ministe en Afrique de l\u2019Ouest : valoriser la recherche pour orienter les strat\u00e9gies et co-construire notre identit\u00e9 militante.\u00bb Et plusieurs autres th\u00e8mes seront abord\u00e9s lors de cette rencontre de trois jours (du 1er au 3 ao\u00fbt), a d\u00e9clar\u00e9 Ma\u00efmouna Astou Yade, l\u2019initiatrice de l\u2019Univer\u00adsit\u00e9 f\u00e9ministe d\u2019\u00e9t\u00e9 de l\u2019Afrique de l\u2019Ouest et du Centre. On peut citer, entre autres, les d\u00e9fis et enjeux des \u00e9tudes et de la recherche f\u00e9ministe en Afrique de l\u2019Ouest, la question des droits de la sant\u00e9 sexuelle et reproductive des femmes, l\u2019occupation de l\u2019espace civi\u00adque, l\u2019ecof\u00e9minisme en Afrique de l\u2019Ouest, ainsi que la probl\u00e9matique du financement des organisations f\u00e9ministes africaines francophones. D\u2019apr\u00e8s Ma\u00efmouna Astou Yade, apr\u00e8s cette \u00e9tape de Dakar, elle souhaite que les chercheuses qui sont dans les universit\u00e9s puissent beaucoup plus s\u2019int\u00e9resser \u00e0 l\u2019approche f\u00e9ministe. \u00abNous croyons qu\u2019une approche f\u00e9ministe est essentielle pour r\u00e9pondre aux besoins des femmes et des filles dans les projets de d\u00e9veloppement. Donc, aujourd\u2019hui, nous avons r\u00e9uni des militantes, des cher\u00adcheur.ses, des femmes universitaires, pour discuter de l\u2019avenir de l\u2019approche f\u00e9ministe, mais aussi comment mettre en avant une dynamique interg\u00e9n\u00e9rationnelle pour construire ensemble un mouvement tr\u00e8s fort en Afrique francophone\u00bb, a indiqu\u00e9 la Directrice ex\u00e9cutive de J-Gen S\u00e9n\u00e9gal, Ma\u00efmouna Astou Yade.<\/p>\n\n\n\n<p>L\u2019Universit\u00e9 d\u2019\u00e9t\u00e9, a-t-elle ajout\u00e9, vise \u00e0 cr\u00e9er un espace diversifi\u00e9 pour co-construire un mouvement f\u00e9ministe fort en Afrique de l\u2019Ouest et en Afrique francophone, en explorant diff\u00e9rentes th\u00e9ories f\u00e9ministes intersectionnelles. A en croire la militante, qui d\u00e9plore la pers\u00e9cution des f\u00e9ministes en Afrique, cette rencontre de Dakar est une occasion pour donner plus d\u2019opportunit\u00e9s aux militantes et aux femmes universitaires de discuter sur les interactions entre l\u2019engagement militant et activiste et les diff\u00e9rentes m\u00e9thodologies de la recherche classique dans les universit\u00e9s. \u00abAlors, il est important de construire un tissu solidaire entre les f\u00e9ministes d\u2019Afrique de l\u2019Ouest et du Centre\u00bb, a dit Ma\u00efmouna Astou Yade, ajoutant qu\u2019\u00eatre f\u00e9ministe, c\u2019est \u00eatre militant de la justice sociale. Au cours de ces trois jours, elle s\u2019attend aussi \u00e0 des \u00e9changes \u00abinspirants\u00bb et \u00abstimulants\u00bb. A ce titre, elle dira que l\u2019Universit\u00e9 d\u2019\u00e9t\u00e9 f\u00e9ministe d\u2019Afrique de l\u2019Ouest et du Centre est une \u00e9tape \u00abcruciale\u00bb pour renforcer leur \u00abmouvement\u00bb en Afrique francophone.<\/p>\n\n\n\n<p><strong>Discriminations contre les femmes<\/strong><\/p>\n\n\n\n<p><br>Venue pr\u00e9sider l\u2019ouverture des travaux, Mme Astou Diouf Gu\u00e8ye, repr\u00e9sentante de la ministre de la Femme, de la famille, du genre et de la protection des enfants du S\u00e9n\u00e9gal, f\u00e9licite le Collectif des femmes f\u00e9ministes du S\u00e9n\u00e9gal (Cfs) pour avoir abrit\u00e9 cette rencontre. \u00abLe fait de r\u00e9unir les f\u00e9ministes de l\u2019Afrique de l\u2019Ouest et du Centre est une excellente id\u00e9e. Et je vous prie humblement de maintenir cet \u00e9lan dynamique. Vous pouvez compter sur les deux leviers que vous avez d\u00e9j\u00e0\u00a0: votre dynamisme et votre inspiration, mais aussi sur votre sens de l\u2019initiative pour continuer \u00e0 perp\u00e9tuer le legs des a\u00een\u00e9s\u00bb, a-t-elle laiss\u00e9 entendre, tout en soulignant que cette initiative de l\u2019Universit\u00e9 f\u00e9ministe d\u2019\u00e9t\u00e9 de l\u2019Afrique de l\u2019Ouest et du Centre est au c\u0153ur du service de la recherche et de la formation des femmes et des filles. La Directrice nationale de l\u2019\u00e9quit\u00e9 et de l\u2019\u00e9galit\u00e9 des genres, Mme Astou Diouf Gu\u00e8ye, admet que, au-del\u00e0 du constat que les r\u00e9alit\u00e9s socioculturelles constituent un blocage pour la promotion des droits des femmes, il existe encore des textes l\u00e9gislatifs qui maintiennent cette discrimination. Et cette rencontre, dira-t-elle, est un levier pour avancer l\u2019agenda de l\u2019\u00e9galit\u00e9. A ses yeux, inviter le gouvernement \u00e0 prendre part \u00e0 cet \u00e9v\u00e8nement d\u00e9note d\u2019une d\u00e9marche responsable.<\/p>\n\n\n\n<p><strong>Lancement de J-Gen Tv : Le pouvoir des femmes \u00e0 l\u2019\u00e9cran<\/strong><\/p>\n\n\n\n<p>La Directrice ex\u00e9cutive de J-Gen S\u00e9n\u00e9gal a saisi l\u2019occasion pour lancer J-Gen Tv. Une t\u00e9l\u00e9vision r\u00e9serv\u00e9e uniquement aux femmes. \u00abNous lan\u00e7ons notre t\u00e9l\u00e9vision 100% f\u00e9ministe, J-Gen Tv, qui promeut le pouvoir des femmes \u00e0 l\u2019\u00e9cran. C\u2019est une t\u00e9l\u00e9vision qui sera un espace d\u00e9concentr\u00e9, d\u00e9complex\u00e9, d\u00e9construit. Un espace qui offre aux femmes la possibilit\u00e9 de prendre la parole \u00e0 tout moment, de discuter de beaucoup de th\u00e9matiques qui, h\u00e9las, ne sont pas totalement d\u00e9battues au niveau de nos m\u00e9dias classiques\u00bb, a affirm\u00e9 la militante Ma\u00efmouna Astou Yade.<\/p>\n","protected":false},"excerpt":{"rendered":"<p>La premi\u00e8re \u00e9dition de l\u2019Universit\u00e9 d\u2019\u00e9t\u00e9 f\u00e9ministe d\u2019Afrique de l\u2019Ouest et du Centre s\u2019est ouverte hier \u00e0 Dakar. Il s\u2019agit,<\/p>\n","protected":false},"author":1,"featured_media":18011,"comment_status":"open","ping_status":"open","sticky":false,"template":"","format":"standard","meta":{"footnotes":""},"categories":[3],"tags":[],"class_list":["post-18010","post","type-post","status-publish","format-standard","has-post-thumbnail","hentry","category-event-more-news"],"_links":{"self":[{"href":"https:\/\/dekkbi.com\/index.php?rest_route=\/wp\/v2\/posts\/18010","targetHints":{"allow":["GET"]}}],"collection":[{"href":"https:\/\/dekkbi.com\/index.php?rest_route=\/wp\/v2\/posts"}],"about":[{"href":"https:\/\/dekkbi.com\/index.php?rest_route=\/wp\/v2\/types\/post"}],"author":[{"embeddable":true,"href":"https:\/\/dekkbi.com\/index.php?rest_route=\/wp\/v2\/users\/1"}],"replies":[{"embeddable":true,"href":"https:\/\/dekkbi.com\/index.php?rest_route=%2Fwp%2Fv2%2Fcomments&post=18010"}],"version-history":[{"count":1,"href":"https:\/\/dekkbi.com\/index.php?rest_route=\/wp\/v2\/posts\/18010\/revisions"}],"predecessor-version":[{"id":18012,"href":"https:\/\/dekkbi.com\/index.php?rest_route=\/wp\/v2\/posts\/18010\/revisions\/18012"}],"wp:featuredmedia":[{"embeddable":true,"href":"https:\/\/dekkbi.com\/index.php?rest_route=\/wp\/v2\/media\/18011"}],"wp:attachment":[{"href":"https:\/\/dekkbi.com\/index.php?rest_route=%2Fwp%2Fv2%2Fmedia&parent=18010"}],"wp:term":[{"taxonomy":"category","embeddable":true,"href":"https:\/\/dekkbi.com\/index.php?rest_route=%2Fwp%2Fv2%2Fcategories&post=18010"},{"taxonomy":"post_tag","embeddable":true,"href":"https:\/\/dekkbi.com\/index.php?rest_route=%2Fwp%2Fv2%2Ftags&post=18010"}],"curies":[{"name":"wp","href":"https:\/\/api.w.org\/{rel}","templated":true}]}}