{"id":18007,"date":"2023-08-02T10:41:26","date_gmt":"2023-08-02T10:41:26","guid":{"rendered":"https:\/\/dekkbi.com\/?p=18007"},"modified":"2023-08-02T10:41:27","modified_gmt":"2023-08-02T10:41:27","slug":"atidi-assurance-pour-le-commerce-un-nouvel-operateur-veut-seduire-le-prive","status":"publish","type":"post","link":"https:\/\/dekkbi.com\/?p=18007","title":{"rendered":"ATIDI \u2013 Assurance pour le commerce : Un nouvel op\u00e9rateur veut s\u00e9duire le priv\u00e9"},"content":{"rendered":"\n<p>L\u2019Assurance pour le d\u00e9veloppement du commerce et de l\u2019investissement en Afrique (Atidi) a proc\u00e9d\u00e9 hier au lancement officiel de ses activit\u00e9s au S\u00e9n\u00e9gal. Cela, \u00e0 travers un atelier au cours duquel cette institution a pr\u00e9sent\u00e9 ses diff\u00e9rents produits d\u2019att\u00e9nuation des risques li\u00e9s au commerce et la mani\u00e8re dont le S\u00e9n\u00e9gal pourrait en b\u00e9n\u00e9ficier conjointement avec les investisseurs, les d\u00e9cideurs, les partenaires au d\u00e9veloppement.<\/p>\n\n\n\n<p>Une occasion pour le Secr\u00e9taire g\u00e9n\u00e9ral du ministre des Finances et du budget, Abdoulaye Samb, qui pr\u00e9sidait la c\u00e9r\u00e9monie, d\u2019encourager, au nom du ministre Mamadou Moustapha B\u00e2, \u00able secteur priv\u00e9 \u00e0 se familiariser avec les offres propos\u00e9es par Atidi\u00bb. Car, soutient-il, \u00ables banques, assurances et entreprises ont tout \u00e0 gagner \u00e0 renforcer leurs liens avec l\u2019institution et \u00e0 explorer avec elle des solutions pour la mobilisation de capitaux\u00bb. A preuve, souligne M. Samb, \u00abAtidi a soutenu beaucoup de projets d\u2019investissements embl\u00e9matiques au S\u00e9n\u00e9gal. Il a apport\u00e9 son soutien aux entreprises impliqu\u00e9es dans le commerce, notamment celui des produits \u00e9nerg\u00e9tiques\u00bb. Pour ces r\u00e9sultats, il a ainsi transmis les f\u00e9licitations du ministre des Finances et du budget au Directeur g\u00e9n\u00e9ral de la nouvelle institution, Manuel Moses, et \u00e0 son \u00e9quipe, et les a exhort\u00e9s \u00e0 poursuivre sur la lanc\u00e9e des efforts engag\u00e9s.<\/p>\n\n\n\n<p>D\u2019apr\u00e8s le Sg du Mfb, \u00abla pr\u00e9sence et le r\u00f4le jou\u00e9 par Atidi s\u2019inscrivent en coh\u00e9rence avec la vision 2063 de l\u2019Union africaine et le renforcement du commerce intra-africain.<\/p>\n\n\n\n<p>En effet, cette vision 2063 est sous-tendue par l\u2019ambition de construire un \u00abcontinent int\u00e9gr\u00e9, uni sur le plan politique et ancr\u00e9 dans les id\u00e9aux du panafricanisme et la vision de la renaissance africaine\u00bb. Ainsi, la priorit\u00e9 est \u00e0 l\u2019acc\u00e9l\u00e9ration des \u00e9changes de biens et services\u00bb.<\/p>\n\n\n\n<p>Pour rappel, \u00ables exportations intra Afrique repr\u00e9sentent 12% du total des exportations des pays africains\u00bb. Et \u00e0 son avis, \u00abbeaucoup peut encore \u00eatre fait pour renforcer les liens commerciaux entre nos pays&nbsp;; et le secteur priv\u00e9 a son r\u00f4le \u00e0 jouer\u00bb. Le ministre Moustapha B\u00e2, par la voix de son Sg, \u00abinvite l\u2019Atidi \u00e0 apporter tout son soutien au secteur priv\u00e9 pour que la mise en \u0153uvre des engagements inscrits dans la Zone de Libre-\u00e9change continentale africaine puisse se mat\u00e9rialiser\u00bb. Et de souhaiter que le lancement des activit\u00e9s \u00abpuisse mener \u00e0 des r\u00e9sultats concrets, et permette d\u2019engager des discussions en vue d\u2019amorcer des projets d\u2019envergure. Le gouvernement est convaincu du r\u00f4le que jouera l\u2019Atidi dans le financement des projets du Pse, et il travaillera \u00e0 identifier des opportunit\u00e9s de collaboration avec elle\u00bb.<\/p>\n\n\n\n<p>C\u2019est pour ces raisons que le ministre encourage le secteur priv\u00e9, les banques, les soci\u00e9t\u00e9s d\u2019assurance, les investisseurs institutionnels \u00e0 se familiariser avec les offres propos\u00e9es par l\u2019Atidi. L\u2019Etat, selon le ministre, \u00abest pr\u00eat \u00e0 renforcer les synergies \u00e0 m\u00eame de permettre au secteur priv\u00e9 de profiter de cette nouvelle opportunit\u00e9\u00bb.<\/p>\n\n\n\n<p>L\u2019Etat du S\u00e9n\u00e9gal a d\u00e9cid\u00e9 d\u2019adh\u00e9rer \u00e0 l\u2019Atidi, en 2021, et s\u2019est engag\u00e9 dans une tr\u00e8s forte collaboration avec l\u2019institution. M. Samb pr\u00e9cise que \u00abl\u2019adh\u00e9sion du S\u00e9n\u00e9gal s\u2019inscrivait dans la volont\u00e9 du gouvernement d\u2019accro\u00eetre l\u2019investissement priv\u00e9, en ligne avec les objectifs du Plan d\u2019action prioritaire ajust\u00e9 et acc\u00e9l\u00e9r\u00e9 (Pap2a) dans un contexte de Covid. L\u2019ambition du S\u00e9n\u00e9gal est que l\u2019Atidi joue un r\u00f4le de catalyseur et de facilitateur dans le financement des projets structurants inscrits dans le Plan S\u00e9n\u00e9gal \u00e9mergent, notamment le Plan d\u2019action prioritaire dans sa phase 3 (Pap3) en cours d\u2019\u00e9laboration\u00bb.<\/p>\n\n\n\n<p><br><strong>Par Dialigu\u00e9 FAYE \u2013 dialigue@lequotidien.sn<\/strong><\/p>\n","protected":false},"excerpt":{"rendered":"<p>L\u2019Assurance pour le d\u00e9veloppement du commerce et de l\u2019investissement en Afrique (Atidi) a proc\u00e9d\u00e9 hier au lancement officiel de ses<\/p>\n","protected":false},"author":1,"featured_media":18008,"comment_status":"open","ping_status":"open","sticky":false,"template":"","format":"standard","meta":{"footnotes":""},"categories":[3],"tags":[],"class_list":["post-18007","post","type-post","status-publish","format-standard","has-post-thumbnail","hentry","category-event-more-news"],"_links":{"self":[{"href":"https:\/\/dekkbi.com\/index.php?rest_route=\/wp\/v2\/posts\/18007","targetHints":{"allow":["GET"]}}],"collection":[{"href":"https:\/\/dekkbi.com\/index.php?rest_route=\/wp\/v2\/posts"}],"about":[{"href":"https:\/\/dekkbi.com\/index.php?rest_route=\/wp\/v2\/types\/post"}],"author":[{"embeddable":true,"href":"https:\/\/dekkbi.com\/index.php?rest_route=\/wp\/v2\/users\/1"}],"replies":[{"embeddable":true,"href":"https:\/\/dekkbi.com\/index.php?rest_route=%2Fwp%2Fv2%2Fcomments&post=18007"}],"version-history":[{"count":1,"href":"https:\/\/dekkbi.com\/index.php?rest_route=\/wp\/v2\/posts\/18007\/revisions"}],"predecessor-version":[{"id":18009,"href":"https:\/\/dekkbi.com\/index.php?rest_route=\/wp\/v2\/posts\/18007\/revisions\/18009"}],"wp:featuredmedia":[{"embeddable":true,"href":"https:\/\/dekkbi.com\/index.php?rest_route=\/wp\/v2\/media\/18008"}],"wp:attachment":[{"href":"https:\/\/dekkbi.com\/index.php?rest_route=%2Fwp%2Fv2%2Fmedia&parent=18007"}],"wp:term":[{"taxonomy":"category","embeddable":true,"href":"https:\/\/dekkbi.com\/index.php?rest_route=%2Fwp%2Fv2%2Fcategories&post=18007"},{"taxonomy":"post_tag","embeddable":true,"href":"https:\/\/dekkbi.com\/index.php?rest_route=%2Fwp%2Fv2%2Ftags&post=18007"}],"curies":[{"name":"wp","href":"https:\/\/api.w.org\/{rel}","templated":true}]}}