{"id":17989,"date":"2023-08-02T09:57:54","date_gmt":"2023-08-02T09:57:54","guid":{"rendered":"https:\/\/dekkbi.com\/?p=17989"},"modified":"2023-08-02T09:57:56","modified_gmt":"2023-08-02T09:57:56","slug":"police-gendarmerie-armeeles-valeurs-republicaines-par-lass-badiane","status":"publish","type":"post","link":"https:\/\/dekkbi.com\/?p=17989","title":{"rendered":"Police, Gendarmerie, Arm\u00e9e\u2026Les valeurs r\u00e9publicaines &#8211; Par Lass Badiane"},"content":{"rendered":"\n<h3 class=\"wp-block-heading\">Mes chers compatriotes,<\/h3>\n\n\n\n<h3 class=\"wp-block-heading\"><br>La Police, la Gendarmerie, l\u2019arm\u00e9e et tous les fonctionnaires des forces de d\u00e9fense et de s\u00e9curit\u00e9, partagent les valeurs r\u00e9publicaines : Un Peuple-Un But- Une Foi.<\/h3>\n\n\n\n<h3 class=\"wp-block-heading\"><br>Des campagnes de calomnie sur les r\u00e9seaux sociaux et des accidents ponctuels, ne peuvent pas jeter le discr\u00e9dit sur l\u2019ensemble des professionnels qui \u0153uvrent chaque jour, pour faire respecter les lois et la tranquillit\u00e9 publique.<\/h3>\n\n\n\n<p>Moi, Lass Badiane, pr\u00e9sident du mouvement Dieum Kanam, je voudrais, comme je l\u2019avais fait avec les magistrats, qui se basent, comme vous, sur le droit, rien que le droit, pour faire leur travail, apporter mon soutien ind\u00e9fectible \u00e0 toutes ces fonctionnaires, visibles et invisibles, qui sont des femmes et des hommes, des m\u00e8res et des p\u00e8res, des filles et des fils, qui se battent au quotidien, pour que nous puissions vivre sereinement.<\/p>\n\n\n\n<p>Je voudrais vous dire combien dans la lutte sans merci que nous avons engag\u00e9 contre la d\u00e9linquance, l&rsquo;ins\u00e9curit\u00e9, mais surtout le terrorisme, beaucoup va reposer d&rsquo;abord sur votre mobilisation, votre d\u00e9termination et votre engagement.<\/p>\n\n\n\n<p>Moi, Lass Badiane, je veux le dire sans ambages, il ne s&rsquo;agira pas pour chacun de vous, de ne faire que ce qu&rsquo;il doit.<\/p>\n\n\n\n<p>Il s&rsquo;agira que chacun d&rsquo;entre vous s&rsquo;investisse avec toute sa comp\u00e9tence et avec toute sa force, que chacun s&rsquo;appr\u00eate \u00e0 faire davantage que ce qu&rsquo;il a fait jusqu&rsquo;\u00e0 pr\u00e9sent.<\/p>\n\n\n\n<p>Votre professionnalisme av\u00e9r\u00e9, connu et reconnu et vos sacrifices au quotidien, nous ont permis d\u2019avoir de bons r\u00e9sultats. Le Peuple s\u00e9n\u00e9galais vous en remercie !<\/p>\n\n\n\n<p>C\u2019est pourquoi, d\u2019ailleurs, dans le programme pr\u00e9sidentiel du mouvement Dieum Kanam, il est pr\u00e9vu, au-del\u00e0 l\u2019accroissement des moyens logistiques, des revalorisations salariales et des primes, un accompagnement social, avec l\u2019octroi gratuit d\u2019un terrain \u00e0 usage d\u2019habitation \u00e0 tous ces fonctionnaires, un financement pour la construction et une prise en charge scolaire de leurs enfants par l\u2019Etat, \u00e0 travers des m\u00e9canismes qui y seront d\u00e9taill\u00e9s et chiffr\u00e9s.<\/p>\n\n\n\n<p>\u00c0 toutes celles et ceux qui ont pris le choix et la responsabilit\u00e9 de prot\u00e9ger, partout et \u00e0 tout instant, la R\u00e9publique, ses Institutions, les personnalit\u00e9s qui les incarnent, en r\u00e9sum\u00e9, le peuple s\u00e9n\u00e9galais, M. Lass Badiane, pr\u00e9sident du mouvement Dieum Kanam vous fait savoir que vous avez la solidarit\u00e9 et le soutien de la majorit\u00e9 de nos concitoyens, d\u2019ici et d\u2019ailleurs.<\/p>\n\n\n\n<p>Vous savez que, dans certaines situations, la l\u00e9gitime d\u00e9fense vous est permise, mais mieux, elle est obligatoire face \u00e0 des meurtriers et des terroristes.<\/p>\n\n\n\n<p>La R\u00e9publique que nous d\u00e9fendons.<\/p>\n\n\n\n<p><br>La R\u00e9publique que vous d\u00e9fendez, est reconnaissante envers vos sacrifices.<br>Elle est \u00e0 vos c\u00f4t\u00e9s et elle vous accompagnera partout et tout le temps.<br>Moi, Lass Badiane, pr\u00e9sident du mouvement Dieum Kanam, vous souhaite une bonne sant\u00e9, une longue vie et une excellente carri\u00e8re au service de la R\u00e9publique.<\/p>\n\n\n\n<p>Vive La R\u00e9publique !<br>Vive Le S\u00e9n\u00e9gal !<\/p>\n","protected":false},"excerpt":{"rendered":"<p>Mes chers compatriotes, La Police, la Gendarmerie, l\u2019arm\u00e9e et tous les fonctionnaires des forces de d\u00e9fense et de s\u00e9curit\u00e9, partagent<\/p>\n","protected":false},"author":1,"featured_media":2109,"comment_status":"open","ping_status":"open","sticky":false,"template":"","format":"standard","meta":{"footnotes":""},"categories":[21],"tags":[],"class_list":["post-17989","post","type-post","status-publish","format-standard","has-post-thumbnail","hentry","category-societe"],"_links":{"self":[{"href":"https:\/\/dekkbi.com\/index.php?rest_route=\/wp\/v2\/posts\/17989","targetHints":{"allow":["GET"]}}],"collection":[{"href":"https:\/\/dekkbi.com\/index.php?rest_route=\/wp\/v2\/posts"}],"about":[{"href":"https:\/\/dekkbi.com\/index.php?rest_route=\/wp\/v2\/types\/post"}],"author":[{"embeddable":true,"href":"https:\/\/dekkbi.com\/index.php?rest_route=\/wp\/v2\/users\/1"}],"replies":[{"embeddable":true,"href":"https:\/\/dekkbi.com\/index.php?rest_route=%2Fwp%2Fv2%2Fcomments&post=17989"}],"version-history":[{"count":1,"href":"https:\/\/dekkbi.com\/index.php?rest_route=\/wp\/v2\/posts\/17989\/revisions"}],"predecessor-version":[{"id":17990,"href":"https:\/\/dekkbi.com\/index.php?rest_route=\/wp\/v2\/posts\/17989\/revisions\/17990"}],"wp:featuredmedia":[{"embeddable":true,"href":"https:\/\/dekkbi.com\/index.php?rest_route=\/wp\/v2\/media\/2109"}],"wp:attachment":[{"href":"https:\/\/dekkbi.com\/index.php?rest_route=%2Fwp%2Fv2%2Fmedia&parent=17989"}],"wp:term":[{"taxonomy":"category","embeddable":true,"href":"https:\/\/dekkbi.com\/index.php?rest_route=%2Fwp%2Fv2%2Fcategories&post=17989"},{"taxonomy":"post_tag","embeddable":true,"href":"https:\/\/dekkbi.com\/index.php?rest_route=%2Fwp%2Fv2%2Ftags&post=17989"}],"curies":[{"name":"wp","href":"https:\/\/api.w.org\/{rel}","templated":true}]}}