{"id":17983,"date":"2023-08-02T09:17:54","date_gmt":"2023-08-02T09:17:54","guid":{"rendered":"https:\/\/dekkbi.com\/?p=17983"},"modified":"2023-08-02T12:18:10","modified_gmt":"2023-08-02T12:18:10","slug":"attaque-du-bus-65-la-reaction-de-pastef","status":"publish","type":"post","link":"https:\/\/dekkbi.com\/?p=17983","title":{"rendered":"Attaque du bus 65:  Pastef condamne"},"content":{"rendered":"\n<p>Pastef a r\u00e9agi suite \u00e0 l\u2019incendie du bus Tata de la ligne 65, \u00e0 Yarakh. Dans un communiqu\u00e9 parcouru par iGFM, le parti d&rsquo;Ousmane Sonko pr\u00e9sente ses condol\u00e9ances avant de condamner cet acte qu\u2019il consid\u00e8re comme ignoble.<\/p>\n\n\n\n<p>\u00abPastef Les patriotes pr\u00e9sente ses condol\u00e9ances aux familles \u00e9plor\u00e9es et r\u00e9clame l\u2019ouverture rapide d&rsquo;une enqu\u00eate objective pour que les auteurs de cet acte odieux soient pourchass\u00e9s, arr\u00eat\u00e9s, jug\u00e9s et punis \u00e0 la hauteur de leur crime\u00bb, indiquent les camarades de Ousmane Sonko dans leur communiqu\u00e9 de presse.<\/p>\n\n\n\n<p>Pastef en a profit\u00e9 pour aussi pr\u00e9senter ses condol\u00e9ance aux familles des victimes d&rsquo;hier dont certaines ont \u00e9t\u00e9 tu\u00e9es par balle. Pastef termine son communiqu\u00e9 en rappelant la responsabilit\u00e9 de l\u2019Etat : \u00abl&rsquo;Etat du S\u00e9n\u00e9gal sa responsabilit\u00e9 dans l&rsquo;instauration de la stabilit\u00e9 politique par le respect des libert\u00e9s d\u00e9mocratiques et individuelles et la garantie d&rsquo;une justice ind\u00e9pendante et impartiale.<\/p>\n\n\n\n<figure class=\"wp-block-image size-large\"><img loading=\"lazy\" decoding=\"async\" width=\"766\" height=\"1024\" src=\"https:\/\/dekkbi.com\/wp-content\/uploads\/2023\/08\/image-766x1024.png\" alt=\"\" class=\"wp-image-17984\" srcset=\"https:\/\/dekkbi.com\/wp-content\/uploads\/2023\/08\/image-766x1024.png 766w, https:\/\/dekkbi.com\/wp-content\/uploads\/2023\/08\/image-224x300.png 224w, https:\/\/dekkbi.com\/wp-content\/uploads\/2023\/08\/image-768x1027.png 768w, https:\/\/dekkbi.com\/wp-content\/uploads\/2023\/08\/image.png 828w\" sizes=\"auto, (max-width: 766px) 100vw, 766px\" \/><\/figure>\n","protected":false},"excerpt":{"rendered":"<p>Pastef a r\u00e9agi suite \u00e0 l\u2019incendie du bus Tata de la ligne 65, \u00e0 Yarakh. Dans un communiqu\u00e9 parcouru par<\/p>\n","protected":false},"author":1,"featured_media":17884,"comment_status":"open","ping_status":"open","sticky":false,"template":"","format":"standard","meta":{"footnotes":""},"categories":[26],"tags":[],"class_list":["post-17983","post","type-post","status-publish","format-standard","has-post-thumbnail","hentry","category-fait-divers"],"_links":{"self":[{"href":"https:\/\/dekkbi.com\/index.php?rest_route=\/wp\/v2\/posts\/17983","targetHints":{"allow":["GET"]}}],"collection":[{"href":"https:\/\/dekkbi.com\/index.php?rest_route=\/wp\/v2\/posts"}],"about":[{"href":"https:\/\/dekkbi.com\/index.php?rest_route=\/wp\/v2\/types\/post"}],"author":[{"embeddable":true,"href":"https:\/\/dekkbi.com\/index.php?rest_route=\/wp\/v2\/users\/1"}],"replies":[{"embeddable":true,"href":"https:\/\/dekkbi.com\/index.php?rest_route=%2Fwp%2Fv2%2Fcomments&post=17983"}],"version-history":[{"count":3,"href":"https:\/\/dekkbi.com\/index.php?rest_route=\/wp\/v2\/posts\/17983\/revisions"}],"predecessor-version":[{"id":18043,"href":"https:\/\/dekkbi.com\/index.php?rest_route=\/wp\/v2\/posts\/17983\/revisions\/18043"}],"wp:featuredmedia":[{"embeddable":true,"href":"https:\/\/dekkbi.com\/index.php?rest_route=\/wp\/v2\/media\/17884"}],"wp:attachment":[{"href":"https:\/\/dekkbi.com\/index.php?rest_route=%2Fwp%2Fv2%2Fmedia&parent=17983"}],"wp:term":[{"taxonomy":"category","embeddable":true,"href":"https:\/\/dekkbi.com\/index.php?rest_route=%2Fwp%2Fv2%2Fcategories&post=17983"},{"taxonomy":"post_tag","embeddable":true,"href":"https:\/\/dekkbi.com\/index.php?rest_route=%2Fwp%2Fv2%2Ftags&post=17983"}],"curies":[{"name":"wp","href":"https:\/\/api.w.org\/{rel}","templated":true}]}}