{"id":1796,"date":"2022-10-14T13:28:37","date_gmt":"2022-10-14T13:28:37","guid":{"rendered":"https:\/\/dekkbi.com\/?p=1796"},"modified":"2022-10-14T15:52:59","modified_gmt":"2022-10-14T15:52:59","slug":"le-hub-gazier-propose-par-poutine-pour-exporter-du-gaz-vers-leurope-na-aucun-sens-selon-paris","status":"publish","type":"post","link":"https:\/\/dekkbi.com\/?p=1796","title":{"rendered":"Le \u201chub gazier\u201d propos\u00e9 par Poutine pour exporter du gaz vers l\u2019Europe n\u2019a \u201caucun sens\u201d, selon Paris"},"content":{"rendered":"\n<p><strong>Le pr\u00e9sident turc Recep Tayyip Erdogan a ordonn\u00e9 \u00e0 son gouvernement de commencer \u00e0 travailler sur le \u201chub gazier\u201d en Turquie propos\u00e9 par son homologue russe Vladimir Poutine pour exporter le gaz russe vers l\u2019Europe, ont rapport\u00e9 vendredi les m\u00e9dias turcs.<\/strong><\/p>\n\n\n\n<p><\/p>\n\n\n\n<p>Nous avons donn\u00e9, avec M. Poutine, \u00e0 notre minist\u00e8re de l\u2019Energie et \u00e0 l\u2019institution concern\u00e9e en Russie, l\u2019ordre de mener un travail en commun\u201d, a affirm\u00e9 M. Erdogan \u00e0 propos d\u2019un \u00e9ventuel hub gazier en Turquie lors d\u2019une interview avec les journalistes \u00e0 bord de son vol de retour d\u2019Astana, en Kazakhstan, o\u00f9 il a rencontr\u00e9 jeudi le pr\u00e9sident russe.<\/p>\n\n\n\n<h2 class=\"wp-block-heading\">\u201cAucun sens\u201d<\/h2>\n\n\n\n<p>Le \u201chub gazier\u201d en Turquie propos\u00e9 par le pr\u00e9sident russe Vladimir Poutine pour exporter du gaz vers l\u2019Europe n\u2019a \u201caucun sens\u201d alors que les Europ\u00e9ens veulent r\u00e9duire leur d\u00e9pendance aux hydrocarbures venant de Russie, a d\u00e9clar\u00e9 jeudi la pr\u00e9sidence fran\u00e7aise. \u201cIl n\u2019y a pour nous aucun sens \u00e0 cr\u00e9er de nouvelles infrastructures qui permettraient d\u2019importer davantage de gaz russe\u201d, a soulign\u00e9 l\u2019Elys\u00e9e.<\/p>\n\n\n\n<p>Vladimir Poutine a propos\u00e9 jeudi \u00e0 son homologue turc Recep Tayyip Erdogan de cr\u00e9er ce \u201chub gazier\u201d, en sugg\u00e9rant que cela permettrait aux Europ\u00e9ens de recevoir du gaz \u00e0 des prix moins \u201cexorbitants\u201d.<\/p>\n\n\n\n<p>\u201cIl y a quelques mois encore, presque 40% du gaz livr\u00e9 \u00e0 l\u2019Union europ\u00e9enne venait de Russie. Aujourd\u2019hui cette part du gaz russe est de 7,5% seulement et elle a encore vocation \u00e0 diminuer\u201d, a r\u00e9pliqu\u00e9 la pr\u00e9sidence fran\u00e7aise. \u201cIl se peut que la Russie et la Turquie d\u00e9cident ensemble d\u2019exporter davantage de gaz mais \u00e7a ne peut pas \u00eatre vers l\u2019Union europ\u00e9enne qui a des engagements de souverainet\u00e9, de r\u00e9duction de ses d\u00e9pendances et par ailleurs de transition climatique qui sont incompatibles avec ce genre de raisonnement\u201d, a-t-elle ajout\u00e9.<\/p>\n\n\n\n<h2 class=\"wp-block-heading\">Ouverture des vannes<\/h2>\n\n\n\n<p>Vladimir Poutine a aussi assur\u00e9 mercredi que Moscou \u00e9tait pr\u00eat \u00e0 reprendre ses livraisons vers l\u2019Europe via les gazoducs Nord Stream. La Russie a stopp\u00e9 fin ao\u00fbt les livraisons via Nord Stream 1 en invoquant des probl\u00e8mes techniques. L\u2019Allemagne a de son c\u00f4t\u00e9 renonc\u00e9 \u00e0 la mise en service de Nord Stream 2 au d\u00e9but de l\u2019offensive russe en Ukraine.<\/p>\n\n\n\n<p>Fin septembre, quatre \u00e9normes fuites de gaz sont en outre apparues sur les deux gazoducs reliant la Russie \u00e0 l\u2019Allemagne, provoqu\u00e9es selon plusieurs pays par des d\u00e9tonations sous-marines.<\/p>\n","protected":false},"excerpt":{"rendered":"<p>Le pr\u00e9sident turc Recep Tayyip Erdogan a ordonn\u00e9 \u00e0 son gouvernement de commencer \u00e0 travailler sur le \u201chub gazier\u201d en<\/p>\n","protected":false},"author":1,"featured_media":1797,"comment_status":"open","ping_status":"open","sticky":false,"template":"","format":"standard","meta":{"footnotes":""},"categories":[51],"tags":[],"class_list":["post-1796","post","type-post","status-publish","format-standard","has-post-thumbnail","hentry","category-general"],"_links":{"self":[{"href":"https:\/\/dekkbi.com\/index.php?rest_route=\/wp\/v2\/posts\/1796","targetHints":{"allow":["GET"]}}],"collection":[{"href":"https:\/\/dekkbi.com\/index.php?rest_route=\/wp\/v2\/posts"}],"about":[{"href":"https:\/\/dekkbi.com\/index.php?rest_route=\/wp\/v2\/types\/post"}],"author":[{"embeddable":true,"href":"https:\/\/dekkbi.com\/index.php?rest_route=\/wp\/v2\/users\/1"}],"replies":[{"embeddable":true,"href":"https:\/\/dekkbi.com\/index.php?rest_route=%2Fwp%2Fv2%2Fcomments&post=1796"}],"version-history":[{"count":1,"href":"https:\/\/dekkbi.com\/index.php?rest_route=\/wp\/v2\/posts\/1796\/revisions"}],"predecessor-version":[{"id":1798,"href":"https:\/\/dekkbi.com\/index.php?rest_route=\/wp\/v2\/posts\/1796\/revisions\/1798"}],"wp:featuredmedia":[{"embeddable":true,"href":"https:\/\/dekkbi.com\/index.php?rest_route=\/wp\/v2\/media\/1797"}],"wp:attachment":[{"href":"https:\/\/dekkbi.com\/index.php?rest_route=%2Fwp%2Fv2%2Fmedia&parent=1796"}],"wp:term":[{"taxonomy":"category","embeddable":true,"href":"https:\/\/dekkbi.com\/index.php?rest_route=%2Fwp%2Fv2%2Fcategories&post=1796"},{"taxonomy":"post_tag","embeddable":true,"href":"https:\/\/dekkbi.com\/index.php?rest_route=%2Fwp%2Fv2%2Ftags&post=1796"}],"curies":[{"name":"wp","href":"https:\/\/api.w.org\/{rel}","templated":true}]}}