{"id":1793,"date":"2022-10-14T13:20:57","date_gmt":"2022-10-14T13:20:57","guid":{"rendered":"https:\/\/dekkbi.com\/?p=1793"},"modified":"2022-10-14T15:52:14","modified_gmt":"2022-10-14T15:52:14","slug":"italie-un-catholique-ultra-elu-president-de-la-chambre-des-deputes","status":"publish","type":"post","link":"https:\/\/dekkbi.com\/?p=1793","title":{"rendered":"Italie: un catholique ultra \u00e9lu pr\u00e9sident de la chambre des d\u00e9put\u00e9s"},"content":{"rendered":"\n<p><\/p>\n\n\n\n<p>Lorenzo Fontana, un quadrag\u00e9naire catholique conservateur et hi\u00e9rarque de la Ligue antimigrants, a \u00e9t\u00e9 \u00e9lu vendredi \u00e0 la pr\u00e9sidence de la chambre des d\u00e9put\u00e9s italiens, un choix qualifi\u00e9 de \u00ab\u00a0course \u00e0 l&rsquo;extr\u00e9misme\u00a0\u00bb par l&rsquo;opposition de gauche.<\/p>\n\n\n\n<p>Quelques s\u00e9nateurs du Parti d\u00e9mocrate (PD, centre-gauche) ont bri\u00e8vement d\u00e9ploy\u00e9 au cours du vote une banderole dans l&rsquo;h\u00e9micycle, sur laquelle \u00e9tait \u00e9crit: \u00ab\u00a0Non \u00e0 un pr\u00e9sident homophobe et pro-Poutine\u00a0\u00bb.<\/p>\n\n\n\n<p>Son \u00e9lection refl\u00e8te le r\u00e9sultat des l\u00e9gislatives du 25 septembre, qui ont vu la victoire de la coalition conservatrice rassemblant le parti post-fasciste Fratelli d&rsquo;Italia de Giorgia Meloni &#8211; probable future Premi\u00e8re ministre &#8211; la Ligue de Matteo Salvini et Forza Italia de Silvio Berlusconi.<\/p>\n\n\n\n<p>Jeudi, un proche de Mme Meloni, Ignazio La Russa, co-fondateur de Fratelli d&rsquo;Italia qui a fait ses armes politiques au sein de la mouvance n\u00e9o-fasciste, a \u00e9t\u00e9 \u00e9lu \u00e0 la pr\u00e9sidence du S\u00e9nat, devenant le deuxi\u00e8me personnage de l&rsquo;Etat apr\u00e8s le pr\u00e9sident de la R\u00e9publique Sergio Mattarella.<\/p>\n\n\n\n<p>Entre le S\u00e9nat et la chambre des d\u00e9put\u00e9s on assiste \u00e0 \u00ab\u00a0un concours d&rsquo;extr\u00e9misme\u00a0\u00bb, a fustig\u00e9 le num\u00e9ro 2 du PD Peppe Provenzano.<\/p>\n\n\n\n<p>Le quotidien de gauche La Repubblica a r\u00e9sum\u00e9 ainsi vendredi le curriculum vitae de Lorenzo Fontana, 42 ans: il \u00ab\u00a0r\u00e9cite cinquante Ave Maria par jour\u00a0\u00bb, promeut \u00ab\u00a0la restriction du droit \u00e0 l&rsquo;avortement\u00a0\u00bb, est \u00ab\u00a0hostile au mariage gay, \u00e0 l&rsquo;euthanasie et \u00e0 la soci\u00e9t\u00e9 multiculturelle\u00a0\u00bb et s&rsquo;est mari\u00e9 sous le minist\u00e8re d&rsquo;un pr\u00eatre traditionaliste.<\/p>\n\n\n\n<p>L&rsquo;association de d\u00e9fense des droits des minorit\u00e9s sexuelles Arcigay a exprim\u00e9 vendredi \u00ab\u00a0sa grande perplexit\u00e9\u00a0\u00bb. \u00ab\u00a0Fontana a toujours port\u00e9 comme mod\u00e8le culturel et politique la Russie de Poutine\u00a0\u00bb, s&rsquo;est indign\u00e9 son secr\u00e9taire g\u00e9n\u00e9ral, Gabriele Piazzoni, dans un communiqu\u00e9.<\/p>\n\n\n\n<p>&#8211; Tensions dans la majorit\u00e9 &#8211;<\/p>\n\n\n\n<p>Lorenzo Fontana a maintes fois exprim\u00e9 son admiration pour le pr\u00e9sident russe et condamn\u00e9 les sanctions frappant Moscou avant de rectifier le tir. En 2016, il avait apport\u00e9 son soutien au parti n\u00e9o-nazi grec Aube dor\u00e9e.<\/p>\n\n\n\n<p>Il passe pour celui qui a fait prendre un tournant eurosceptique et national \u00e0 la Ligue du Nord, originellement r\u00e9gionaliste, et orchestr\u00e9 le rapprochement avec le Rassemblement national de Marine Le Pen en France, les deux formations si\u00e9geant ensemble au Parlement europ\u00e9en au sein du groupe Identit\u00e9 et D\u00e9mocratie.<\/p>\n\n\n\n<p>Ancien ministre de la famille (2018-2019), il est dipl\u00f4m\u00e9 en sciences politiques, histoire et philosophie.<\/p>\n\n\n\n<p>L&rsquo;\u00e9lection jeudi d&rsquo;Ignazio La Russa au S\u00e9nat a mis au jour les vives tensions au sein de la coalition de droite\/extr\u00eame droite autour de la r\u00e9partition des portefeuilles minist\u00e9riels.<\/p>\n\n\n\n<p>Seuls deux s\u00e9nateurs de Forza Italia sur 18, dont Silvio Berlusconi, ont vot\u00e9 pour La Russa, les autres ayant boud\u00e9 le scrutin. Le magnat a expliqu\u00e9 dans un communiqu\u00e9 qu&rsquo;ils r\u00e9agissaient aux \u00ab\u00a0vetos\u00a0\u00bb mis par Giorgia Meloni \u00e0 la candidature de personnalit\u00e9s du parti pour entrer au gouvernement.<\/p>\n\n\n\n<p>Il s&rsquo;agit en particulier du cas de Licia Ronzulli, propos\u00e9e par Berlusconi pour le minist\u00e8re de la Justice et dont Mme Meloni ne voudrait pas. Une r\u00e9cusation qui revient \u00e0 le r\u00e9cuser lui, a tonn\u00e9 \u00ab\u00a0Il Cavaliere\u00a0\u00bb.<\/p>\n\n\n\n<p>Apr\u00e8s l&rsquo;installation du parlement, les deux pr\u00e9sidents \u00e9lus devraient s&rsquo;entretenir avec le chef de l&rsquo;Etat dans le cadre des consultations institutionnelles en vue de la d\u00e9signation de Giorgia Meloni au poste de Premi\u00e8re ministre. Ce processus devrait prendre encore une semaine au minimum.<\/p>\n\n\n\n<p>Par Ga\u00ebl BRANCHEREAU<\/p>\n","protected":false},"excerpt":{"rendered":"<p>Lorenzo Fontana, un quadrag\u00e9naire catholique conservateur et hi\u00e9rarque de la Ligue antimigrants, a \u00e9t\u00e9 \u00e9lu vendredi \u00e0 la pr\u00e9sidence de<\/p>\n","protected":false},"author":1,"featured_media":1794,"comment_status":"open","ping_status":"open","sticky":false,"template":"","format":"standard","meta":{"footnotes":""},"categories":[51],"tags":[],"class_list":["post-1793","post","type-post","status-publish","format-standard","has-post-thumbnail","hentry","category-general"],"_links":{"self":[{"href":"https:\/\/dekkbi.com\/index.php?rest_route=\/wp\/v2\/posts\/1793","targetHints":{"allow":["GET"]}}],"collection":[{"href":"https:\/\/dekkbi.com\/index.php?rest_route=\/wp\/v2\/posts"}],"about":[{"href":"https:\/\/dekkbi.com\/index.php?rest_route=\/wp\/v2\/types\/post"}],"author":[{"embeddable":true,"href":"https:\/\/dekkbi.com\/index.php?rest_route=\/wp\/v2\/users\/1"}],"replies":[{"embeddable":true,"href":"https:\/\/dekkbi.com\/index.php?rest_route=%2Fwp%2Fv2%2Fcomments&post=1793"}],"version-history":[{"count":1,"href":"https:\/\/dekkbi.com\/index.php?rest_route=\/wp\/v2\/posts\/1793\/revisions"}],"predecessor-version":[{"id":1795,"href":"https:\/\/dekkbi.com\/index.php?rest_route=\/wp\/v2\/posts\/1793\/revisions\/1795"}],"wp:featuredmedia":[{"embeddable":true,"href":"https:\/\/dekkbi.com\/index.php?rest_route=\/wp\/v2\/media\/1794"}],"wp:attachment":[{"href":"https:\/\/dekkbi.com\/index.php?rest_route=%2Fwp%2Fv2%2Fmedia&parent=1793"}],"wp:term":[{"taxonomy":"category","embeddable":true,"href":"https:\/\/dekkbi.com\/index.php?rest_route=%2Fwp%2Fv2%2Fcategories&post=1793"},{"taxonomy":"post_tag","embeddable":true,"href":"https:\/\/dekkbi.com\/index.php?rest_route=%2Fwp%2Fv2%2Ftags&post=1793"}],"curies":[{"name":"wp","href":"https:\/\/api.w.org\/{rel}","templated":true}]}}