{"id":17926,"date":"2023-08-01T10:08:35","date_gmt":"2023-08-01T10:08:35","guid":{"rendered":"https:\/\/dekkbi.com\/?p=17926"},"modified":"2023-08-01T10:08:36","modified_gmt":"2023-08-01T10:08:36","slug":"mesures-de-lutte-antitabac-5-6-milliards-de-personnes-desormais-protegees-selon-loms","status":"publish","type":"post","link":"https:\/\/dekkbi.com\/?p=17926","title":{"rendered":"Mesures de lutte antitabac : 5, 6 milliards de personnes d\u00e9sormais prot\u00e9g\u00e9es, selon l\u2019OMS"},"content":{"rendered":"\n<p>Dakar, 1er ao\u00fbt (APS) \u2013 Au total, 5, 6 milliards de personnes, correspondant \u00e0 71 % de la population mondiale, sont d\u00e9sormais prot\u00e9g\u00e9es par au moins une politique conforme aux meilleures pratiques visant \u00e0 aider \u00e0 sauver des vies face aux dangers du tabac, cinq fois plus qu\u2019en 2007, a indiqu\u00e9 l\u2019Organisation mondiale de la sant\u00e9 dans un nouveau rapport.<\/p>\n\n\n\n<p>\u2018\u20195,6&nbsp;milliards de personnes (71&nbsp;% de la population mondiale) sont d\u00e9sormais prot\u00e9g\u00e9es par au moins une politique conforme aux meilleures pratiques pour aider \u00e0 sauver des vies face au p\u00e9ril mortel que repr\u00e9sente le tabac, soit cinq fois plus qu\u2019en 2007\u2019\u2019, a-t-elle soulign\u00e9 dans son 9e rapport consacr\u00e9 \u00e0 l\u2019\u00e9pid\u00e9mie mondiale de tabagisme.<\/p>\n\n\n\n<p>Le document rendu public lundi fait la synth\u00e8se des efforts d\u00e9ploy\u00e9s dans les pays pour mettre en \u0153uvre les mesures de r\u00e9duction de la demande parmi les plus efficaces tir\u00e9es de la Convention-cadre de l\u2019OMS pour la lutte antitabac.<\/p>\n\n\n\n<p>Il s\u2019agit de mesures dont il est av\u00e9r\u00e9 qu\u2019elles r\u00e9duisent la consommation de tabac. Ces mesures sont reprises collectivement sous l\u2019appellation &nbsp;\u00bbMPOWER&nbsp;\u00bb.<\/p>\n\n\n\n<p>Depuis le lancement au cours des derni\u00e8res ann\u00e9es de ce programme de lutte antitabac \u00e0 l\u2019\u00e9chelle mondiale, les taux de tabagisme ont diminu\u00e9.<\/p>\n\n\n\n<p>\u2018\u2019Si cela n\u2019avait pas \u00e9t\u00e9 le cas, on estime qu\u2019il y aurait 300&nbsp;millions de fumeurs en plus dans le monde aujourd\u2019hui\u2019\u2019, croit savoir l\u2019OMS.<\/p>\n\n\n\n<p>De mani\u00e8re g\u00e9n\u00e9rale, le nouveau rapport de l\u2019OMS sur l\u2019\u00e9pid\u00e9mie mondiale de tabagisme traite de la protection du public contre le tabagisme passif et pr\u00e9cise que pr\u00e8s de 40&nbsp;% des pays pr\u00e9voient d\u00e9sormais des lieux publics clos totalement non-fumeurs.<\/p>\n\n\n\n<p>\u2018\u2019Quelque 1,3&nbsp;million de personnes meurent du tabagisme passif chaque ann\u00e9e. Or, tous ces d\u00e9c\u00e8s pourraient parfaitement \u00eatre \u00e9vit\u00e9s. Les personnes expos\u00e9es au tabagisme passif risquent de mourir d\u2019une maladie cardiaque, d\u2019un accident vasculaire c\u00e9r\u00e9bral, de maladies respiratoires, du diab\u00e8te de type&nbsp;2 et de cancers\u2019\u2019, mentionne le rapport.<\/p>\n\n\n\n<p>Il d\u00e9montre que tous les pays, \u2018\u2019quel que soit leur niveau de revenu, peuvent faire baisser la demande de tabac mortel, r\u00e9aliser des avanc\u00e9es majeures en faveur de la sant\u00e9 publique et faire \u00e9conomiser des milliards de dollars en soins de sant\u00e9 et en co\u00fbts de productivit\u00e9\u2019\u2019.<\/p>\n\n\n\n<p>AKS\/OID<\/p>\n","protected":false},"excerpt":{"rendered":"<p>Dakar, 1er ao\u00fbt (APS) \u2013 Au total, 5, 6 milliards de personnes, correspondant \u00e0 71 % de la population mondiale,<\/p>\n","protected":false},"author":1,"featured_media":17927,"comment_status":"open","ping_status":"open","sticky":false,"template":"","format":"standard","meta":{"footnotes":""},"categories":[21],"tags":[],"class_list":["post-17926","post","type-post","status-publish","format-standard","has-post-thumbnail","hentry","category-societe"],"_links":{"self":[{"href":"https:\/\/dekkbi.com\/index.php?rest_route=\/wp\/v2\/posts\/17926","targetHints":{"allow":["GET"]}}],"collection":[{"href":"https:\/\/dekkbi.com\/index.php?rest_route=\/wp\/v2\/posts"}],"about":[{"href":"https:\/\/dekkbi.com\/index.php?rest_route=\/wp\/v2\/types\/post"}],"author":[{"embeddable":true,"href":"https:\/\/dekkbi.com\/index.php?rest_route=\/wp\/v2\/users\/1"}],"replies":[{"embeddable":true,"href":"https:\/\/dekkbi.com\/index.php?rest_route=%2Fwp%2Fv2%2Fcomments&post=17926"}],"version-history":[{"count":1,"href":"https:\/\/dekkbi.com\/index.php?rest_route=\/wp\/v2\/posts\/17926\/revisions"}],"predecessor-version":[{"id":17928,"href":"https:\/\/dekkbi.com\/index.php?rest_route=\/wp\/v2\/posts\/17926\/revisions\/17928"}],"wp:featuredmedia":[{"embeddable":true,"href":"https:\/\/dekkbi.com\/index.php?rest_route=\/wp\/v2\/media\/17927"}],"wp:attachment":[{"href":"https:\/\/dekkbi.com\/index.php?rest_route=%2Fwp%2Fv2%2Fmedia&parent=17926"}],"wp:term":[{"taxonomy":"category","embeddable":true,"href":"https:\/\/dekkbi.com\/index.php?rest_route=%2Fwp%2Fv2%2Fcategories&post=17926"},{"taxonomy":"post_tag","embeddable":true,"href":"https:\/\/dekkbi.com\/index.php?rest_route=%2Fwp%2Fv2%2Ftags&post=17926"}],"curies":[{"name":"wp","href":"https:\/\/api.w.org\/{rel}","templated":true}]}}