{"id":17900,"date":"2023-08-01T09:34:09","date_gmt":"2023-08-01T09:34:09","guid":{"rendered":"https:\/\/dekkbi.com\/?p=17900"},"modified":"2023-08-01T09:34:11","modified_gmt":"2023-08-01T09:34:11","slug":"arrestation-du-leader-de-pastef-bougane-dans-tous-ses-etats-ousmane-sono-est-victime-du-systeme","status":"publish","type":"post","link":"https:\/\/dekkbi.com\/?p=17900","title":{"rendered":"Arrestation du leader de Pastef, Bougane dans tous ses \u00e9tats: \u00abOusmane Sono est victime du syst\u00e8me\u00bb"},"content":{"rendered":"\n<h3 class=\"wp-block-heading\">Le leader du mouvement Gueum sa bopp rate rarement l\u2019occasion de tirer \u00e0 boulets rouges sur le Pr\u00e9sident de la R\u00e9publique et son r\u00e9gime. Apr\u00e8s avoir qualifi\u00e9 l\u2019arrestation d\u2019Ousmane Sonko de \u00abbizarre\u00bb et \u00abridicule\u00bb allant jusqu\u2019\u00e0 dire que le Procureur vise une \u00abhideuse\u00bb affaire, le candidat \u00e0 la Pr\u00e9sidentielle de 2024 est revenu \u00e0 la charge pour d\u00e9noncer jusqu\u2019\u00e0 la derni\u00e8re \u00e9nergie la situation \u00e0 laquelle se trouve m\u00eal\u00e9 le leader du Parti Pastef.<\/h3>\n\n\n\n<p>\u00abNous sommes tous en sursis et nous le savons. Ousmane Sonko d\u00e9range le r\u00e9gime de Macky Sall m\u00eame si ce dernier ne sera pas de la course \u00e0 la pr\u00e9sidentielle. Tout le monde est unanime sur le fait que Macky veut organiser une \u00e9lection s\u00e9lective. Il fera le tri des candidats qui l\u2019arrangent pour esp\u00e9rer gagner. Le r\u00e9gime \u00e9tait en train de trouver des moyens pour mettre la main sur Ousmane Sonko. Le pr\u00e9texte est fallacieux, ridicule. Son arrestation est bizarre aux yeux de tout le monde\u00bb, a d\u00e9plor\u00e9 Bougane Gu\u00e8ye Dani.<\/p>\n\n\n\n<p>Poursuivant, le candidat de Gueum sa bopp \u00e0 la prochaine pr\u00e9sidentielle a soulign\u00e9 que le \u00abr\u00e9gime est en train de d\u00e9rouler son plan qui est de mettre hors d&rsquo;\u00e9tat de nuire tous ses adversaires qui peuvent entraver son projet\u00bb.<\/p>\n\n\n\n<p>En ce sens, il ajoute : \u00abLe syst\u00e8me a sa police, sa gendarmerie et ses magistrats. Nul n\u2019ignore qu\u2019ils dictent leur loi. Ousmane Sonko a incarn\u00e9 une autre mani\u00e8re de faire la politique. Il a incarn\u00e9 cette relecture des perspectives\u00bb, dit-il. Pour Bougane Gu\u00e8ye Dani, les sept chefs d\u2019inculpation qui p\u00e8sent sur Ousmane Sonko sont, \u00e0 ses yeux, \u00ab\u00e0 la limite ridicule\u00bb et prouvent, selon lui, que la seule entreprise du r\u00e9gime est \u00abd\u2019\u00e9liminer Ousmane Sonko et tous les gens qui se dressent sur leur chemin\u00bb.<\/p>\n\n\n\n<p>\u00abQue le r\u00e9gime sache qu\u2019emprisonner Ousmane Sonko, mettre aux arr\u00eats Bougane, la dynamique reste irr\u00e9versible. La jeunesse et les S\u00e9n\u00e9galais ont compris que le tournant est d\u00e9cisif\u00bb, a-t-il lanc\u00e9 en mettant en garde : \u00abNous voulons une \u00e9lection inclusive. C\u2019est notre seul combat. La Crei sera r\u00e9install\u00e9e pour les voleurs de la R\u00e9publique\u00bb, menace-t-il.<\/p>\n\n\n\n<p>Pour la prochaine pr\u00e9sidentielle, Bougane estime que le souhait du Pr\u00e9sident de la R\u00e9publique, Macky Sall, est de \u00abmettre un candidat fantoche pour que Benno puisse remporter la pr\u00e9sidentielle. Les S\u00e9n\u00e9galais sont d\u00e9termin\u00e9s. Le si\u00e8ge de Pastef est barricad\u00e9. Ce qui est une entrave aux libert\u00e9s. Les gens du r\u00e9gime taxent le Parti Pastef de terroriste. Les vrais terroristes sont les voleurs de la R\u00e9publique. Ils sont identifi\u00e9s\u00bb, a averti le leader de Gueum sa bopp.<\/p>\n\n\n\n<p>Tribune<\/p>\n","protected":false},"excerpt":{"rendered":"<p>Le leader du mouvement Gueum sa bopp rate rarement l\u2019occasion de tirer \u00e0 boulets rouges sur le Pr\u00e9sident de la<\/p>\n","protected":false},"author":1,"featured_media":17901,"comment_status":"open","ping_status":"open","sticky":false,"template":"","format":"standard","meta":{"footnotes":""},"categories":[6],"tags":[],"class_list":["post-17900","post","type-post","status-publish","format-standard","has-post-thumbnail","hentry","category-politics"],"_links":{"self":[{"href":"https:\/\/dekkbi.com\/index.php?rest_route=\/wp\/v2\/posts\/17900","targetHints":{"allow":["GET"]}}],"collection":[{"href":"https:\/\/dekkbi.com\/index.php?rest_route=\/wp\/v2\/posts"}],"about":[{"href":"https:\/\/dekkbi.com\/index.php?rest_route=\/wp\/v2\/types\/post"}],"author":[{"embeddable":true,"href":"https:\/\/dekkbi.com\/index.php?rest_route=\/wp\/v2\/users\/1"}],"replies":[{"embeddable":true,"href":"https:\/\/dekkbi.com\/index.php?rest_route=%2Fwp%2Fv2%2Fcomments&post=17900"}],"version-history":[{"count":1,"href":"https:\/\/dekkbi.com\/index.php?rest_route=\/wp\/v2\/posts\/17900\/revisions"}],"predecessor-version":[{"id":17902,"href":"https:\/\/dekkbi.com\/index.php?rest_route=\/wp\/v2\/posts\/17900\/revisions\/17902"}],"wp:featuredmedia":[{"embeddable":true,"href":"https:\/\/dekkbi.com\/index.php?rest_route=\/wp\/v2\/media\/17901"}],"wp:attachment":[{"href":"https:\/\/dekkbi.com\/index.php?rest_route=%2Fwp%2Fv2%2Fmedia&parent=17900"}],"wp:term":[{"taxonomy":"category","embeddable":true,"href":"https:\/\/dekkbi.com\/index.php?rest_route=%2Fwp%2Fv2%2Fcategories&post=17900"},{"taxonomy":"post_tag","embeddable":true,"href":"https:\/\/dekkbi.com\/index.php?rest_route=%2Fwp%2Fv2%2Ftags&post=17900"}],"curies":[{"name":"wp","href":"https:\/\/api.w.org\/{rel}","templated":true}]}}