{"id":17877,"date":"2023-07-31T15:30:41","date_gmt":"2023-07-31T15:30:41","guid":{"rendered":"https:\/\/dekkbi.com\/?p=17877"},"modified":"2023-07-31T15:30:42","modified_gmt":"2023-07-31T15:30:42","slug":"ousmane-sonko-inculpe-et-place-sous-mandat-de-depot-avocat","status":"publish","type":"post","link":"https:\/\/dekkbi.com\/?p=17877","title":{"rendered":"Ousmane Sonko inculp\u00e9 et plac\u00e9 sous mandat de d\u00e9p\u00f4t (avocat)"},"content":{"rendered":"\n<p>Dakar, (APS) \u2013 L\u2019opposant Ousmane Sonko, leader de Pastef-Les Patriotes, a \u00e9t\u00e9 inculp\u00e9, lundi, et plac\u00e9 sous mandat de d\u00e9p\u00f4t par un juge d\u2019instruction pour plusieurs chefs d\u2019inculpation, a annonc\u00e9 un de ses avocats.<\/p>\n\n\n\n<p>Arr\u00eat\u00e9 vendredi et plac\u00e9 en garde \u00e0 vue, il est poursuivi en justice pour huit chefs d\u2019accusation, dont celui d\u2019appel \u00e0 l\u2019insurrection.<\/p>\n\n\n\n<p>Il est poursuivi pour \u2018\u2019appel \u00e0 l\u2019insurrection, association de malfaiteurs, atteinte \u00e0 la suret\u00e9 de l\u2019\u00c9tat, complot contre l\u2019autorit\u00e9 de l\u2019\u00c9tat, actes et man\u0153uvres \u00e0 compromettre la s\u00e9curit\u00e9 publique et \u00e0 cr\u00e9er des troubles politiques graves, association de malfaiteurs en lien avec une entreprise terroriste, mais \u00e9galement vol de t\u00e9l\u00e9phone portable\u2019\u2019, selon le procureur de la R\u00e9publique pr\u00e8s le Tribunal de Grande Instance hors classe de Dakar, Abdou Karim Diop.<\/p>\n\n\n\n<p>Ousmane Sonko est \u00e9galement poursuivi pour diffusion de fausses nouvelles.<\/p>\n\n\n\n<p>OID\/AKS<\/p>\n","protected":false},"excerpt":{"rendered":"<p>Dakar, (APS) \u2013 L\u2019opposant Ousmane Sonko, leader de Pastef-Les Patriotes, a \u00e9t\u00e9 inculp\u00e9, lundi, et plac\u00e9 sous mandat de d\u00e9p\u00f4t<\/p>\n","protected":false},"author":1,"featured_media":17799,"comment_status":"open","ping_status":"open","sticky":false,"template":"","format":"standard","meta":{"footnotes":""},"categories":[6],"tags":[],"class_list":["post-17877","post","type-post","status-publish","format-standard","has-post-thumbnail","hentry","category-politics"],"_links":{"self":[{"href":"https:\/\/dekkbi.com\/index.php?rest_route=\/wp\/v2\/posts\/17877","targetHints":{"allow":["GET"]}}],"collection":[{"href":"https:\/\/dekkbi.com\/index.php?rest_route=\/wp\/v2\/posts"}],"about":[{"href":"https:\/\/dekkbi.com\/index.php?rest_route=\/wp\/v2\/types\/post"}],"author":[{"embeddable":true,"href":"https:\/\/dekkbi.com\/index.php?rest_route=\/wp\/v2\/users\/1"}],"replies":[{"embeddable":true,"href":"https:\/\/dekkbi.com\/index.php?rest_route=%2Fwp%2Fv2%2Fcomments&post=17877"}],"version-history":[{"count":1,"href":"https:\/\/dekkbi.com\/index.php?rest_route=\/wp\/v2\/posts\/17877\/revisions"}],"predecessor-version":[{"id":17878,"href":"https:\/\/dekkbi.com\/index.php?rest_route=\/wp\/v2\/posts\/17877\/revisions\/17878"}],"wp:featuredmedia":[{"embeddable":true,"href":"https:\/\/dekkbi.com\/index.php?rest_route=\/wp\/v2\/media\/17799"}],"wp:attachment":[{"href":"https:\/\/dekkbi.com\/index.php?rest_route=%2Fwp%2Fv2%2Fmedia&parent=17877"}],"wp:term":[{"taxonomy":"category","embeddable":true,"href":"https:\/\/dekkbi.com\/index.php?rest_route=%2Fwp%2Fv2%2Fcategories&post=17877"},{"taxonomy":"post_tag","embeddable":true,"href":"https:\/\/dekkbi.com\/index.php?rest_route=%2Fwp%2Fv2%2Ftags&post=17877"}],"curies":[{"name":"wp","href":"https:\/\/api.w.org\/{rel}","templated":true}]}}