{"id":1784,"date":"2022-10-14T13:03:03","date_gmt":"2022-10-14T13:03:03","guid":{"rendered":"https:\/\/dekkbi.com\/?p=1784"},"modified":"2022-10-14T15:52:14","modified_gmt":"2022-10-14T15:52:14","slug":"liran-denonce-lingerence-de-macron-apres-son-soutien-aux-manifestations","status":"publish","type":"post","link":"https:\/\/dekkbi.com\/?p=1784","title":{"rendered":"L&rsquo;Iran d\u00e9nonce l\u2019\u201cing\u00e9rence\u201d de Macron apr\u00e8s son soutien aux manifestations"},"content":{"rendered":"\n<p><strong>Le minist\u00e8re iranien des Affaires \u00e9trang\u00e8res a condamn\u00e9 vendredi les propos du pr\u00e9sident fran\u00e7ais, Emmanuel Macron, qui a exprim\u00e9 sa solidarit\u00e9 avec les manifestants en col\u00e8re contre la mort de Mahsa Amini.<\/strong><\/p>\n\n\n\n<p>Les propos de M. Macron sont une \u201cing\u00e9rence\u201d et ils ont servi \u00e0 encourager \u201cdes personnes violentes et des contrevenants\u201d, a d\u00e9clar\u00e9 le porte-parole du minist\u00e8re, Nasser Kanani, dans un communiqu\u00e9.<\/p>\n\n\n\n<p>Interrog\u00e9 mercredi lors d\u2019une \u00e9mission de la cha\u00eene de t\u00e9l\u00e9vision France 2, le chef de l\u2019Etat fran\u00e7ais avait fait part de son \u201cadmiration\u201d pour les \u201cfemmes\u201d et les \u201cjeunes\u201d qui manifestent depuis la mort le 16 septembre de cette Kurde iranienne de 22 ans, trois jours apr\u00e8s son arrestation par la police des m\u0153urs \u00e0 T\u00e9h\u00e9ran.<\/p>\n\n\n\n<h2 class=\"wp-block-heading\">\u201cHypocrisie\u201d<\/h2>\n\n\n\n<p>\u201cNous nous tenons aux c\u00f4t\u00e9s de celles et ceux qui se battent pour ces valeurs\u201d, avait-il insist\u00e9, assurant \u201cd\u00e9fendre\u201d et \u201csoutenir\u201d ce \u201cqui se passe en Iran\u201d. \u201cDe mani\u00e8re tr\u00e8s claire, la France condamne la r\u00e9pression men\u00e9e aujourd\u2019hui par le r\u00e9gime iranien\u201d, avait-il encore dit.<\/p>\n\n\n\n<p>M. Kanani a d\u00e9clar\u00e9 qu\u2019il \u00e9tait \u201csurprenant\u201d que la France condamne les forces de s\u00e9curit\u00e9 iraniennes qui ont d\u00fb g\u00e9rer des \u201cpersonnes violentes et des \u00e9meutiers\u201d, alors qu\u2019elle menace d\u2019utiliser la force en r\u00e9ponse \u00e0 des \u201cgr\u00e8ves de salari\u00e9s dans le secteur du p\u00e9trole et du gaz\u201d en France.<\/p>\n\n\n\n<p>\u201cIl s\u2019agit d\u2019une hypocrisie manifeste qui prouve une fois de plus que les droits de l\u2019Homme, dans le dictionnaire de nombreux gouvernements occidentaux pr\u00e9tentieux, ne sont rien de plus qu\u2019un jouet et un outil pour atteindre des objectifs politiques et s\u2019immiscer dans les affaires d\u2019autres pays\u201d, a-t-il poursuivi.<\/p>\n\n\n\n<p>Le d\u00e9c\u00e8s en Iran de Mahsa Amini a d\u00e9clench\u00e9 la plus grande vague de manifestations depuis les protestations de 2019 contre la hausse du prix de l\u2019essence dans ce pays riche en p\u00e9trole. Plus de 100 personnes ont y \u00e9t\u00e9 tu\u00e9es et des centaines arr\u00eat\u00e9es, selon des ONG.<\/p>\n","protected":false},"excerpt":{"rendered":"<p>Le minist\u00e8re iranien des Affaires \u00e9trang\u00e8res a condamn\u00e9 vendredi les propos du pr\u00e9sident fran\u00e7ais, Emmanuel Macron, qui a exprim\u00e9 sa<\/p>\n","protected":false},"author":1,"featured_media":1785,"comment_status":"open","ping_status":"open","sticky":false,"template":"","format":"standard","meta":{"footnotes":""},"categories":[51],"tags":[],"class_list":["post-1784","post","type-post","status-publish","format-standard","has-post-thumbnail","hentry","category-general"],"_links":{"self":[{"href":"https:\/\/dekkbi.com\/index.php?rest_route=\/wp\/v2\/posts\/1784","targetHints":{"allow":["GET"]}}],"collection":[{"href":"https:\/\/dekkbi.com\/index.php?rest_route=\/wp\/v2\/posts"}],"about":[{"href":"https:\/\/dekkbi.com\/index.php?rest_route=\/wp\/v2\/types\/post"}],"author":[{"embeddable":true,"href":"https:\/\/dekkbi.com\/index.php?rest_route=\/wp\/v2\/users\/1"}],"replies":[{"embeddable":true,"href":"https:\/\/dekkbi.com\/index.php?rest_route=%2Fwp%2Fv2%2Fcomments&post=1784"}],"version-history":[{"count":1,"href":"https:\/\/dekkbi.com\/index.php?rest_route=\/wp\/v2\/posts\/1784\/revisions"}],"predecessor-version":[{"id":1786,"href":"https:\/\/dekkbi.com\/index.php?rest_route=\/wp\/v2\/posts\/1784\/revisions\/1786"}],"wp:featuredmedia":[{"embeddable":true,"href":"https:\/\/dekkbi.com\/index.php?rest_route=\/wp\/v2\/media\/1785"}],"wp:attachment":[{"href":"https:\/\/dekkbi.com\/index.php?rest_route=%2Fwp%2Fv2%2Fmedia&parent=1784"}],"wp:term":[{"taxonomy":"category","embeddable":true,"href":"https:\/\/dekkbi.com\/index.php?rest_route=%2Fwp%2Fv2%2Fcategories&post=1784"},{"taxonomy":"post_tag","embeddable":true,"href":"https:\/\/dekkbi.com\/index.php?rest_route=%2Fwp%2Fv2%2Ftags&post=1784"}],"curies":[{"name":"wp","href":"https:\/\/api.w.org\/{rel}","templated":true}]}}