{"id":17822,"date":"2023-07-31T09:57:42","date_gmt":"2023-07-31T09:57:42","guid":{"rendered":"https:\/\/dekkbi.com\/?p=17822"},"modified":"2023-07-31T09:57:43","modified_gmt":"2023-07-31T09:57:43","slug":"maroc-migration-deces-de-deux-migrants-senegalais-a-dakhla-consul-general","status":"publish","type":"post","link":"https:\/\/dekkbi.com\/?p=17822","title":{"rendered":"MAROC-MIGRATION \/ D\u00e9c\u00e8s de deux migrants s\u00e9n\u00e9galais \u00e0 Dakhla (Consul g\u00e9n\u00e9ral)"},"content":{"rendered":"\n<p>Dakar, 31 juil (APS) \u2013 Deux migrants s\u00e9n\u00e9galais ont perdu la vie lors de leur \u00e9vacuation au centre hospitalier de Dakhla apr\u00e8s que leur embarcation a \u00e9t\u00e9 secourue en mer par la marine royale du Maroc, a appris l\u2019APS du consul g\u00e9n\u00e9ral du S\u00e9n\u00e9gal \u00e0 Dakhla, Babou S\u00e8ne.<\/p>\n\n\n\n<p>Ces victimes figurent parmi les 76 migrants ramen\u00e9s tr\u00e8s affaiblies du large vendredi par les garde-c\u00f4tes marocains. Elles ont perdu la vie lors de leur \u00e9vacuation \u00e0 l\u2019h\u00f4pital de Dakhla, a expliqu\u00e9 M. S\u00e8ne lors d\u2019un entretien t\u00e9l\u00e9phonique.<\/p>\n\n\n\n<p>Le Consul g\u00e9n\u00e9ral du S\u00e9n\u00e9gal a, dans le m\u00eame temps, fait savoir qu\u2019une vingtaine de migrants qui avaient pris place dans cette pirogue ont \u00e9t\u00e9 plac\u00e9s en observation dans le centre hospitalier de Dakhla.<\/p>\n\n\n\n<p>Il signale que le reste des passagers de cette embarcation qui serait partie de Saint-Louis le 15 juillet a \u00e9t\u00e9 plac\u00e9 dans un centre d\u2019accueil de migrants de Khassab, dans la ville de Dakhla.<\/p>\n\n\n\n<p>Sur la base des t\u00e9moignages recueillis aupr\u00e8s des migrants, onze passagers ont p\u00e9ri lors de la travers\u00e9e, a indiqu\u00e9 le Consul g\u00e9n\u00e9ral.<\/p>\n\n\n\n<p>Babou S\u00e8ne a par ailleurs assur\u00e9 que l\u2019ensemble des migrants (478) concern\u00e9s par les op\u00e9rations de rapatriement lanc\u00e9es mercredi ont quitt\u00e9 Dakhla \u00e0 l\u2019exception d\u2019un qui a \u00e9t\u00e9 op\u00e9r\u00e9 avec succ\u00e8s \u00e0 l\u2019h\u00f4pital de la ville.&nbsp;Il s\u2019\u00e9tait cass\u00e9 la jambe en tentant de s\u2019\u00e9chapper du centre d\u2019accueil dans lequel il avait \u00e9t\u00e9 plac\u00e9.<\/p>\n\n\n\n<p>Le rapatriement des migrants s\u00e9n\u00e9galais secourus en mer par la marine royale marocaine a d\u00e9marr\u00e9 mercredi avec un premier groupe d\u2019une cinquantaine de personnes ramen\u00e9s par un avion de l\u2019arm\u00e9e de l\u2019air s\u00e9n\u00e9galaise qui avait \u00e9t\u00e9 affr\u00e9t\u00e9 pour convoyer le ministre des S\u00e9n\u00e9galais de l\u2019ext\u00e9rieur Annette Seck.<\/p>\n\n\n\n<p>Elle \u00e9tait \u00e0 Dakhla dans le cadre d\u2019une mission d\u2019\u00e9valuation de la situation des migrants s\u00e9n\u00e9galais secourus en mer par des garde-c\u00f4tes marocains.<\/p>\n\n\n\n<p>AKS\/OID<\/p>\n","protected":false},"excerpt":{"rendered":"<p>Dakar, 31 juil (APS) \u2013 Deux migrants s\u00e9n\u00e9galais ont perdu la vie lors de leur \u00e9vacuation au centre hospitalier de<\/p>\n","protected":false},"author":1,"featured_media":5779,"comment_status":"open","ping_status":"open","sticky":false,"template":"","format":"standard","meta":{"footnotes":""},"categories":[26],"tags":[],"class_list":["post-17822","post","type-post","status-publish","format-standard","has-post-thumbnail","hentry","category-fait-divers"],"_links":{"self":[{"href":"https:\/\/dekkbi.com\/index.php?rest_route=\/wp\/v2\/posts\/17822","targetHints":{"allow":["GET"]}}],"collection":[{"href":"https:\/\/dekkbi.com\/index.php?rest_route=\/wp\/v2\/posts"}],"about":[{"href":"https:\/\/dekkbi.com\/index.php?rest_route=\/wp\/v2\/types\/post"}],"author":[{"embeddable":true,"href":"https:\/\/dekkbi.com\/index.php?rest_route=\/wp\/v2\/users\/1"}],"replies":[{"embeddable":true,"href":"https:\/\/dekkbi.com\/index.php?rest_route=%2Fwp%2Fv2%2Fcomments&post=17822"}],"version-history":[{"count":1,"href":"https:\/\/dekkbi.com\/index.php?rest_route=\/wp\/v2\/posts\/17822\/revisions"}],"predecessor-version":[{"id":17823,"href":"https:\/\/dekkbi.com\/index.php?rest_route=\/wp\/v2\/posts\/17822\/revisions\/17823"}],"wp:featuredmedia":[{"embeddable":true,"href":"https:\/\/dekkbi.com\/index.php?rest_route=\/wp\/v2\/media\/5779"}],"wp:attachment":[{"href":"https:\/\/dekkbi.com\/index.php?rest_route=%2Fwp%2Fv2%2Fmedia&parent=17822"}],"wp:term":[{"taxonomy":"category","embeddable":true,"href":"https:\/\/dekkbi.com\/index.php?rest_route=%2Fwp%2Fv2%2Fcategories&post=17822"},{"taxonomy":"post_tag","embeddable":true,"href":"https:\/\/dekkbi.com\/index.php?rest_route=%2Fwp%2Fv2%2Ftags&post=17822"}],"curies":[{"name":"wp","href":"https:\/\/api.w.org\/{rel}","templated":true}]}}