{"id":17814,"date":"2023-07-31T09:46:29","date_gmt":"2023-07-31T09:46:29","guid":{"rendered":"https:\/\/dekkbi.com\/?p=17814"},"modified":"2023-07-31T09:46:30","modified_gmt":"2023-07-31T09:46:30","slug":"saint-louis-pour-la-candidature-de-benno-a-la-presidentielle-les-elus-nationaux-et-executifs-locaux-de-lapr-du-departement-de-dagana-misent-sur-dr-amadou","status":"publish","type":"post","link":"https:\/\/dekkbi.com\/?p=17814","title":{"rendered":"Saint-Louis\u00a0-pour la candidature\u00a0de Benno \u00e0 la pr\u00e9sidentielle\u00a0: les \u00e9lus nationaux et ex\u00e9cutifs locaux de\u00a0l\u2019APR du\u00a0D\u00e9partement\u00a0de Dagana\u00a0misent sur Dr Amadou Mame Diop\u00a0"},"content":{"rendered":"\n<p>Les \u00e9lus nationaux et ex\u00e9cutifs locaux de&nbsp;l\u2019APR du&nbsp;D\u00e9partement&nbsp;de Dagana&nbsp;dans la r\u00e9gion de Saint-Louis ont&nbsp;d\u00e9cid\u00e9 de prendre&nbsp;leurs responsabilit\u00e9s et de lancer&nbsp;un&nbsp;appel solennel, face \u00e0 la d\u00e9cision du Pr\u00e9sident Macky Sall&nbsp;de ne pas se repr\u00e9senter \u00e0 la prochaine Pr\u00e9sidentielle. \u00c0 cet effet, ils ont tenu \u00e0 lui&nbsp;rendre un vibrant hommage, en ce qu\u2019elle traduit son ancrage au respect de la parole donn\u00e9e.&nbsp;\u00ab&nbsp;Cette d\u00e9cision historique marquera de mani\u00e8re ind\u00e9l\u00e9bile la D\u00e9mocratie en Afrique&nbsp;\u00bb, ont-ils r\u00e9dig\u00e9 dans le communiqu\u00e9 qui sert aussi d\u2019invitation au Dr Amadou Mame Diop,&nbsp;Pr\u00e9sident de l\u2019Assembl\u00e9e&nbsp;Nationale du S\u00e9n\u00e9gal, \u00e0 solliciter la confiance de la Coalition Benno Bokk Yakaar pour porter&nbsp;sa candidature&nbsp;\u00e0 la prochaine pr\u00e9sidentielle. \u00ab&nbsp;D\u2019abord, Pr\u00e9sident de l\u2019Assembl\u00e9e&nbsp;Nationale dans un contexte extr\u00eamement difficile, il a r\u00e9ussi \u00e0 faire preuve de s\u00e9r\u00e9nit\u00e9 et d\u2019efficacit\u00e9 dans la conduite des affaires de ladite institution. C\u2019est un rassembleur.&nbsp;Ensuite, en politique, il a fait ses preuves au sein de l\u2019Alliance pour la R\u00e9publique dont il est un membre-fondateur. Il est sorti vainqueur de toutes les \u00e9lections depuis son entr\u00e9e en politique dans le d\u00e9partement de Dagana. En effet, depuis 2012, mandataire d\u00e9partemental de la Coalition Benno Bokk Yakaar, trois fois t\u00eate de liste d\u00e9partementale et successivement \u00e9lu trois fois d\u00e9put\u00e9, il est aussi Maire de la Commune de Richard Toll depuis 2014.&nbsp;Enfin, son humilit\u00e9 est l\u00e9gendaire autant que son ardeur au travail, fond\u00e9e sur la culture du r\u00e9sultat et la bonne gouvernance, est exemplaire. De surcroit, fid\u00e8le et discret compagnon du Pr\u00e9sident Macky Sall, il est l\u2019homme id\u00e9al pour assurer la continuit\u00e9 de la vision du Pr\u00e9sident Macky Sall&nbsp;\u00bb, ont-ils pr\u00e9cis\u00e9 toujours dans le communiqu\u00e9. Selon eux, le S\u00e9n\u00e9gal a besoin&nbsp;d\u2019un homme de consensus, f\u00e9d\u00e9rateur, travailleur et clairvoyant mais surtout apte \u00e0 assurer les \u00e9normes acquis socio-\u00e9conomiques obtenus sous le magist\u00e8re du Pr\u00e9sident&nbsp;Sall, \u00e0 garantir la s\u00e9curit\u00e9 et \u00e0 pr\u00e9server l\u2019unit\u00e9 nationale. \u00ab&nbsp;C\u2019est fort de toutes ces consid\u00e9rations&nbsp;que&nbsp;nous invitons respectueusement et solennellement le Docteur Amadou Mame Diop&nbsp;\u00e0 se porter candidat \u00e0 la Candidature de&nbsp;la Coalition&nbsp;Benno Bokk Yakaar \u00e0 la Pr\u00e9sidentielle de 2024&nbsp;\u00bb, ont-ils conclu.<\/p>\n\n\n\n<p><strong>YVES TENDENG<\/strong><\/p>\n\n\n\n<p>SUDQUOTIDIEN<\/p>\n","protected":false},"excerpt":{"rendered":"<p>Les \u00e9lus nationaux et ex\u00e9cutifs locaux de&nbsp;l\u2019APR du&nbsp;D\u00e9partement&nbsp;de Dagana&nbsp;dans la r\u00e9gion de Saint-Louis ont&nbsp;d\u00e9cid\u00e9 de prendre&nbsp;leurs responsabilit\u00e9s et de lancer&nbsp;un&nbsp;appel<\/p>\n","protected":false},"author":1,"featured_media":17815,"comment_status":"open","ping_status":"open","sticky":false,"template":"","format":"standard","meta":{"footnotes":""},"categories":[6],"tags":[],"class_list":["post-17814","post","type-post","status-publish","format-standard","has-post-thumbnail","hentry","category-politics"],"_links":{"self":[{"href":"https:\/\/dekkbi.com\/index.php?rest_route=\/wp\/v2\/posts\/17814","targetHints":{"allow":["GET"]}}],"collection":[{"href":"https:\/\/dekkbi.com\/index.php?rest_route=\/wp\/v2\/posts"}],"about":[{"href":"https:\/\/dekkbi.com\/index.php?rest_route=\/wp\/v2\/types\/post"}],"author":[{"embeddable":true,"href":"https:\/\/dekkbi.com\/index.php?rest_route=\/wp\/v2\/users\/1"}],"replies":[{"embeddable":true,"href":"https:\/\/dekkbi.com\/index.php?rest_route=%2Fwp%2Fv2%2Fcomments&post=17814"}],"version-history":[{"count":1,"href":"https:\/\/dekkbi.com\/index.php?rest_route=\/wp\/v2\/posts\/17814\/revisions"}],"predecessor-version":[{"id":17816,"href":"https:\/\/dekkbi.com\/index.php?rest_route=\/wp\/v2\/posts\/17814\/revisions\/17816"}],"wp:featuredmedia":[{"embeddable":true,"href":"https:\/\/dekkbi.com\/index.php?rest_route=\/wp\/v2\/media\/17815"}],"wp:attachment":[{"href":"https:\/\/dekkbi.com\/index.php?rest_route=%2Fwp%2Fv2%2Fmedia&parent=17814"}],"wp:term":[{"taxonomy":"category","embeddable":true,"href":"https:\/\/dekkbi.com\/index.php?rest_route=%2Fwp%2Fv2%2Fcategories&post=17814"},{"taxonomy":"post_tag","embeddable":true,"href":"https:\/\/dekkbi.com\/index.php?rest_route=%2Fwp%2Fv2%2Ftags&post=17814"}],"curies":[{"name":"wp","href":"https:\/\/api.w.org\/{rel}","templated":true}]}}