{"id":17801,"date":"2023-07-31T09:29:19","date_gmt":"2023-07-31T09:29:19","guid":{"rendered":"https:\/\/dekkbi.com\/?p=17801"},"modified":"2023-07-31T10:52:14","modified_gmt":"2023-07-31T10:52:14","slug":"la-dic-et-la-surete-urbaine-activees-pour-larrestation-de-juan-branco","status":"publish","type":"post","link":"https:\/\/dekkbi.com\/?p=17801","title":{"rendered":"La Division des Investigations Criminelles et la S\u00fbret\u00e9 urbaine activ\u00e9es pour arr\u00eater Branco"},"content":{"rendered":"\n<p><a href=\"javascript:updateFontSize(1)\"><\/a>La DIC et la S\u00fbret\u00e9 urbaine activ\u00e9es pour l&rsquo;arrestation de Juan BRANCO L\u2019 \u00e9tat compte t\u2019il arr\u00eater Juan Branco, dont l\u2019apparition surprise fut la principale attraction de la conf\u00e9rence de presse des avocats de Ousmane Sonko ? D\u2019autant plus que lors de sa prise de parole l\u2019avocat fran\u00e7ais du leader du Pastef disait \u00ab Mr le Procureur nous sommes ici pour vous d\u00e9montrer que nous n\u2019avons pas peur et sachez que tous ceux qui sont avec Ousmane Sonko n\u2019ont pas peur \u00bb.<\/p>\n\n\n\n<p>\u00ab L&rsquo;Etat va traquer Branco, l&rsquo;arr\u00eater en ex\u00e9cution du mandat d&rsquo;arr\u00eat international. La police et la gendarmerie sont \u00e0 ses trousses. Il sera arr\u00eat\u00e9 et ses complices aussi. Branco est un fugitif \u00bb, informe Seneweb qui cite une source judiciaire.<\/p>\n\n\n\n<p>\u00ab Si on l&rsquo;arr\u00eate il y aura un mandat de d\u00e9p\u00f4t demain. Les FDS ont lanc\u00e9 l&rsquo;op\u00e9ration 24h Chrono pour l&rsquo;arr\u00eater \u00bb, poursuit-elle.<\/p>\n\n\n\n<p>Pour rappel, le procureur de la r\u00e9publique avait requis un mandat d\u2019arr\u00eat international contre l\u2019avocat fran\u00e7ais qui a d\u00e9pos\u00e9 deux plaintes contre l\u2019\u00c9tat du S\u00e9n\u00e9gal (\u00e0 la CPI et devant les juridictions fran\u00e7aises) pour crimes contre l\u2019humanit\u00e9.<\/p>\n","protected":false},"excerpt":{"rendered":"<p>La DIC et la S\u00fbret\u00e9 urbaine activ\u00e9es pour l&rsquo;arrestation de Juan BRANCO L\u2019 \u00e9tat compte t\u2019il arr\u00eater Juan Branco, dont<\/p>\n","protected":false},"author":1,"featured_media":17802,"comment_status":"open","ping_status":"open","sticky":false,"template":"","format":"standard","meta":{"footnotes":""},"categories":[26],"tags":[],"class_list":["post-17801","post","type-post","status-publish","format-standard","has-post-thumbnail","hentry","category-fait-divers"],"_links":{"self":[{"href":"https:\/\/dekkbi.com\/index.php?rest_route=\/wp\/v2\/posts\/17801","targetHints":{"allow":["GET"]}}],"collection":[{"href":"https:\/\/dekkbi.com\/index.php?rest_route=\/wp\/v2\/posts"}],"about":[{"href":"https:\/\/dekkbi.com\/index.php?rest_route=\/wp\/v2\/types\/post"}],"author":[{"embeddable":true,"href":"https:\/\/dekkbi.com\/index.php?rest_route=\/wp\/v2\/users\/1"}],"replies":[{"embeddable":true,"href":"https:\/\/dekkbi.com\/index.php?rest_route=%2Fwp%2Fv2%2Fcomments&post=17801"}],"version-history":[{"count":4,"href":"https:\/\/dekkbi.com\/index.php?rest_route=\/wp\/v2\/posts\/17801\/revisions"}],"predecessor-version":[{"id":17859,"href":"https:\/\/dekkbi.com\/index.php?rest_route=\/wp\/v2\/posts\/17801\/revisions\/17859"}],"wp:featuredmedia":[{"embeddable":true,"href":"https:\/\/dekkbi.com\/index.php?rest_route=\/wp\/v2\/media\/17802"}],"wp:attachment":[{"href":"https:\/\/dekkbi.com\/index.php?rest_route=%2Fwp%2Fv2%2Fmedia&parent=17801"}],"wp:term":[{"taxonomy":"category","embeddable":true,"href":"https:\/\/dekkbi.com\/index.php?rest_route=%2Fwp%2Fv2%2Fcategories&post=17801"},{"taxonomy":"post_tag","embeddable":true,"href":"https:\/\/dekkbi.com\/index.php?rest_route=%2Fwp%2Fv2%2Ftags&post=17801"}],"curies":[{"name":"wp","href":"https:\/\/api.w.org\/{rel}","templated":true}]}}