{"id":17797,"date":"2023-07-31T09:23:44","date_gmt":"2023-07-31T09:23:44","guid":{"rendered":"https:\/\/dekkbi.com\/?p=17797"},"modified":"2023-07-31T09:23:46","modified_gmt":"2023-07-31T09:23:46","slug":"sonko-face-a-maham-diallo-ce-lundi-ce-qui-pourrait-se-passer-avocat","status":"publish","type":"post","link":"https:\/\/dekkbi.com\/?p=17797","title":{"rendered":"Sonko face \u00e0 Maham Diallo ce lundi : \u00ab Ce qui pourrait se passer \u00bb (Avocat)"},"content":{"rendered":"\n<p>iGFM &#8211; (Dakar) Ce lundi, Ousmane Sonko, le leader de Pastef fera face au Juge d\u2019instruction Maham Diallo. Un face \u00e0 face qui sera d\u00e9terminant. Un de ses avocats a expliqu\u00e9 le sc\u00e9nario qui pourrait d\u00e9couler de cette audition.<\/p>\n\n\n\n<figure class=\"wp-block-embed is-type-rich is-provider-prise-en-charge-des-contenus-embarques wp-block-embed-prise-en-charge-des-contenus-embarques wp-embed-aspect-16-9 wp-has-aspect-ratio\"><div class=\"wp-block-embed__wrapper\">\n<iframe loading=\"lazy\" title=\"&quot;Sonko ne rentrera pas demain,...&quot; (Avocat)\" width=\"800\" height=\"450\" src=\"https:\/\/www.youtube.com\/embed\/pskjlfeXTdM?feature=oembed\" frameborder=\"0\" allow=\"accelerometer; autoplay; clipboard-write; encrypted-media; gyroscope; picture-in-picture; web-share\" allowfullscreen><\/iframe>\n<\/div><\/figure>\n","protected":false},"excerpt":{"rendered":"<p>iGFM &#8211; (Dakar) Ce lundi, Ousmane Sonko, le leader de Pastef fera face au Juge d\u2019instruction Maham Diallo. Un face<\/p>\n","protected":false},"author":1,"featured_media":17799,"comment_status":"open","ping_status":"open","sticky":false,"template":"","format":"standard","meta":{"footnotes":""},"categories":[6],"tags":[],"class_list":["post-17797","post","type-post","status-publish","format-standard","has-post-thumbnail","hentry","category-politics"],"_links":{"self":[{"href":"https:\/\/dekkbi.com\/index.php?rest_route=\/wp\/v2\/posts\/17797","targetHints":{"allow":["GET"]}}],"collection":[{"href":"https:\/\/dekkbi.com\/index.php?rest_route=\/wp\/v2\/posts"}],"about":[{"href":"https:\/\/dekkbi.com\/index.php?rest_route=\/wp\/v2\/types\/post"}],"author":[{"embeddable":true,"href":"https:\/\/dekkbi.com\/index.php?rest_route=\/wp\/v2\/users\/1"}],"replies":[{"embeddable":true,"href":"https:\/\/dekkbi.com\/index.php?rest_route=%2Fwp%2Fv2%2Fcomments&post=17797"}],"version-history":[{"count":1,"href":"https:\/\/dekkbi.com\/index.php?rest_route=\/wp\/v2\/posts\/17797\/revisions"}],"predecessor-version":[{"id":17800,"href":"https:\/\/dekkbi.com\/index.php?rest_route=\/wp\/v2\/posts\/17797\/revisions\/17800"}],"wp:featuredmedia":[{"embeddable":true,"href":"https:\/\/dekkbi.com\/index.php?rest_route=\/wp\/v2\/media\/17799"}],"wp:attachment":[{"href":"https:\/\/dekkbi.com\/index.php?rest_route=%2Fwp%2Fv2%2Fmedia&parent=17797"}],"wp:term":[{"taxonomy":"category","embeddable":true,"href":"https:\/\/dekkbi.com\/index.php?rest_route=%2Fwp%2Fv2%2Fcategories&post=17797"},{"taxonomy":"post_tag","embeddable":true,"href":"https:\/\/dekkbi.com\/index.php?rest_route=%2Fwp%2Fv2%2Ftags&post=17797"}],"curies":[{"name":"wp","href":"https:\/\/api.w.org\/{rel}","templated":true}]}}