{"id":17771,"date":"2023-07-30T12:21:48","date_gmt":"2023-07-30T12:21:48","guid":{"rendered":"https:\/\/dekkbi.com\/?p=17771"},"modified":"2023-07-30T12:21:48","modified_gmt":"2023-07-30T12:21:48","slug":"nos-deux-peuples-freres-le-roi-du-maroc-souhaite-un-retour-a-la-normale-avec-lalgerie","status":"publish","type":"post","link":"https:\/\/dekkbi.com\/?p=17771","title":{"rendered":"\u201cNos deux peuples fr\u00e8res\u201d: le roi du Maroc souhaite un \u201cretour \u00e0 la normale\u201d avec l\u2019Alg\u00e9rie"},"content":{"rendered":"\n<p>Le roi Mohammed VI du Maroc a souhait\u00e9 samedi soir un \u201cretour \u00e0 la normale\u201d avec l\u2019Alg\u00e9rie et la r\u00e9ouverture des fronti\u00e8res entre les deux puissances du Maghreb, malgr\u00e9 la rupture des relations diplomatiques, lors du discours traditionnel marquant l\u2019anniversaire de son accession au tr\u00f4ne.<\/p>\n\n\n\n<p>\u201cNous prions le Tr\u00e8s-Haut pour un retour \u00e0 la normale et une r\u00e9ouverture des fronti\u00e8res entre nos deux pays voisins et nos deux peuples fr\u00e8res\u201d, a d\u00e9clar\u00e9 le monarque ch\u00e9rifien dans une adresse \u00e0 la nation radio-t\u00e9l\u00e9vis\u00e9e.Les fronti\u00e8res sont ferm\u00e9es depuis 1994 et l\u2019Alg\u00e9rie a rompu ses liens diplomatiques avec le Maroc en ao\u00fbt 2021, accusant Rabat d\u2019\u201dactes hostiles\u201d. Une d\u00e9cision \u201ccompl\u00e8tement injustifi\u00e9e\u201d, selon Rabat. Depuis, les deux voisins entretiennent des relations ex\u00e9crables, dans un contexte de rivalit\u00e9 r\u00e9gionale exacerb\u00e9e par leur antagonisme sur le territoire disput\u00e9 du Sahara occidental.Conflit arm\u00e9Depuis pr\u00e8s de 50 ans, un conflit arm\u00e9 y oppose le Maroc aux ind\u00e9pendantistes du Front Polisario, soutenus par l\u2019Alg\u00e9rie. Rabat pr\u00f4ne un plan d\u2019autonomie sous sa souverainet\u00e9 exclusive, tandis que le Polisario r\u00e9clame un r\u00e9f\u00e9rendum d\u2019autod\u00e9termination sous l\u2019\u00e9gide de l\u2019ONU. La r\u00e9cente reconnaissance par Isra\u00ebl de la \u201csouverainet\u00e9 marocaine\u201d sur cette ancienne colonie espagnole a encore aviv\u00e9 les tensions avec Alger qui a fustig\u00e9 des \u201cmanoeuvres \u00e9trang\u00e8res\u201d.\u201cNous rassurons nos fr\u00e8res en Alg\u00e9rie, leur direction et leur peuple qu\u2019ils n\u2019auront jamais \u00e0 craindre de la malveillance de la part du Maroc\u201d, a assur\u00e9 Mohammed VI. Le souverain marocain appelle chaque ann\u00e9e au rapprochement entre les deux pays voisin.<\/p>\n\n\n\n<p>7SUR7<\/p>\n","protected":false},"excerpt":{"rendered":"<p>Le roi Mohammed VI du Maroc a souhait\u00e9 samedi soir un \u201cretour \u00e0 la normale\u201d avec l\u2019Alg\u00e9rie et la r\u00e9ouverture<\/p>\n","protected":false},"author":1,"featured_media":17772,"comment_status":"open","ping_status":"open","sticky":false,"template":"","format":"standard","meta":{"footnotes":""},"categories":[51],"tags":[],"class_list":["post-17771","post","type-post","status-publish","format-standard","has-post-thumbnail","hentry","category-general"],"_links":{"self":[{"href":"https:\/\/dekkbi.com\/index.php?rest_route=\/wp\/v2\/posts\/17771","targetHints":{"allow":["GET"]}}],"collection":[{"href":"https:\/\/dekkbi.com\/index.php?rest_route=\/wp\/v2\/posts"}],"about":[{"href":"https:\/\/dekkbi.com\/index.php?rest_route=\/wp\/v2\/types\/post"}],"author":[{"embeddable":true,"href":"https:\/\/dekkbi.com\/index.php?rest_route=\/wp\/v2\/users\/1"}],"replies":[{"embeddable":true,"href":"https:\/\/dekkbi.com\/index.php?rest_route=%2Fwp%2Fv2%2Fcomments&post=17771"}],"version-history":[{"count":1,"href":"https:\/\/dekkbi.com\/index.php?rest_route=\/wp\/v2\/posts\/17771\/revisions"}],"predecessor-version":[{"id":17773,"href":"https:\/\/dekkbi.com\/index.php?rest_route=\/wp\/v2\/posts\/17771\/revisions\/17773"}],"wp:featuredmedia":[{"embeddable":true,"href":"https:\/\/dekkbi.com\/index.php?rest_route=\/wp\/v2\/media\/17772"}],"wp:attachment":[{"href":"https:\/\/dekkbi.com\/index.php?rest_route=%2Fwp%2Fv2%2Fmedia&parent=17771"}],"wp:term":[{"taxonomy":"category","embeddable":true,"href":"https:\/\/dekkbi.com\/index.php?rest_route=%2Fwp%2Fv2%2Fcategories&post=17771"},{"taxonomy":"post_tag","embeddable":true,"href":"https:\/\/dekkbi.com\/index.php?rest_route=%2Fwp%2Fv2%2Ftags&post=17771"}],"curies":[{"name":"wp","href":"https:\/\/api.w.org\/{rel}","templated":true}]}}