{"id":17743,"date":"2023-07-30T11:34:36","date_gmt":"2023-07-30T11:34:36","guid":{"rendered":"https:\/\/dekkbi.com\/?p=17743"},"modified":"2023-07-30T11:34:37","modified_gmt":"2023-07-30T11:34:37","slug":"presidentielle-2024-portrait-robot-du-probable-candidat-de-macky-sall","status":"publish","type":"post","link":"https:\/\/dekkbi.com\/?p=17743","title":{"rendered":"Pr\u00e9sidentielle 2024: Portrait-robot du probable candidat de Macky Sall"},"content":{"rendered":"\n<p>Face au choc des candidatures dans la mouvance pr\u00e9sidentielle, quel est le meilleur profil pour maintenir le flambeau ? La question est sur toutes les l\u00e8vres depuis que le Chef de l\u2019\u00c9tat a annonc\u00e9, le 3 juillet dernier, sa d\u00e9cision de ne pas briguer un nouveau mandat. Des analystes politiques ont dessin\u00e9 un portrait-robot, soulignant d\u2019embl\u00e9e la difficult\u00e9 de la t\u00e2che.La non-candidature inattendue du Chef de l\u2019\u00c9tat, Macky Sall, de la course \u00e0 la pr\u00e9sidentielle de 2024 a d\u00e9jou\u00e9 les pronostics dans la mouvance pr\u00e9sidentielle. Les membres de cette instance s\u2019attendaient, pour la plupart, \u00e0 ce que leur leader puisse se maintenir au pouvoir pour poursuivre sa mission au service de la Nation, eu \u00e9gard \u00e0 son bilan jug\u00e9 reluisant. Depuis, les sp\u00e9culations vont crescendo et des noms sont avanc\u00e9s aussi. Mais, la coalition \u00ab Benno Bokk Yaakaar \u00bb (Bby) a donn\u00e9 la latitude \u00e0 son pr\u00e9sident, le Chef de l\u2019\u00c9tat, Macky Sall, de choisir un candidat pour l\u2019\u00e9lection pr\u00e9sidentielle du 25 f\u00e9vrier 2024. Ainsi, plusieurs candidats \u00e0 la candidature sont annonc\u00e9s du c\u00f4t\u00e9 de la mouvance pr\u00e9sidentielle. Et ces derniers seraient en train d\u2019\u00eatre auditionn\u00e9s, au nom du Pr\u00e9sident Sall, par le Pr\u00e9sident Moustapha Niasse. Cependant, le dernier mot revient au Chef de l\u2019\u00c9tat.Si plusieurs sc\u00e9narii se dessinent de part et d\u2019autre, les sp\u00e9cialistes des questions politiques \u00e9voquent la difficult\u00e9 de dresser le portrait de la personne qui sera d\u00e9sign\u00e9e pour d\u00e9fendre les couleurs de la mouvance pr\u00e9sidentielle lors des joutes de 2024. Ils s\u2019accordent, pour autant, sur un point : il doit incarner naturellement un leadership av\u00e9r\u00e9 et \u00eatre en mesure de prendre des d\u00e9cisions align\u00e9es sur les visions des diff\u00e9rents alli\u00e9s.\u00ab Le successeur du Chef de l\u2019\u00c9tat au niveau de sa formation politique doit regrouper autour de lui des positions diff\u00e9rentes et f\u00e9d\u00e9rer des personnes qui ne sont pas de m\u00eame ob\u00e9dience.<\/p>\n\n\n\n<p> Le d\u00e9fi est \u00e9norme, <\/p>\n\n\n\n<p>car la particularit\u00e9 de Bby est qu\u2019elle est l\u2019une des rares coalitions politiques \u00e0 relever le d\u00e9fi de la long\u00e9vit\u00e9 et de l\u2019unit\u00e9. Elle a une dur\u00e9e de vie extr\u00eamement longue. Cela est d\u00fb \u00e0 la posture f\u00e9d\u00e9ratrice du Pr\u00e9sident Macky Sall&nbsp;\u00bb, souligne d\u2019embl\u00e9e l\u2019analyste politique Seydou Nourou Dia.<\/p>\n\n\n\n<p>Pour maintenir cet h\u00e9ritage, il consid\u00e8re que le dauphin doit de prime abord r\u00e9pondre \u00e0 un imp\u00e9ratif&nbsp;: disposer de la carrure d\u2019un homme d\u2019\u00c9tat exp\u00e9riment\u00e9. \u00ab Il doit avoir une bonne ma\u00eetrise du fonctionnement de l\u2019\u00c9tat avec une trajectoire plus ou moins semblable \u00e0 celle de son pr\u00e9d\u00e9cesseur. Il doit aussi faire l\u2019unanimit\u00e9 au sein de la mouvance pr\u00e9sidentielle. Ce sont des \u00e9l\u00e9ments essentiels sur le plan politique. Il est aussi attendu qu\u2019il ait une facilit\u00e9 de contact avec les familles religieuses&nbsp;\u00bb, ajoute notre interlocuteur.<\/p>\n\n\n\n<p><strong>Une t\u00e2che fastidieuse<\/strong><\/p>\n\n\n\n<p>En d\u00e9pit de la pluralit\u00e9 des candidatures, M. Dia pense qu\u2019une personnalit\u00e9 pond\u00e9r\u00e9e a plus de chances de sortir du lot. Un choix qui ne sera pas facile vu qu\u2019il est question de pr\u00e9server les \u00e9quilibres sur lesquels repose le pays. \u00ab&nbsp;Il faut s\u2019attendre \u00e0 ce que d\u2019autres candidatures soient d\u00e9clar\u00e9es, mais face au contexte politico-social, un homme capable de garder son calme face \u00e0 la clameur populaire a plus de chance d\u2019explorer les perspectives qui s\u2019offrent \u00e0 notre pays, car il y a lieu de reconna\u00eetre que le Pr\u00e9sident Macky Sall a su se distinguer par sa froideur, voire sa capacit\u00e9 \u00e0 rester serein face \u00e0 des situations tendues&nbsp;\u00bb, explique Seydou Nourou Dia.<\/p>\n\n\n\n<p>Pour sa part, Ababacar Fall, du Groupe de recherches et d\u2019appui \u00e0 la d\u00e9mocratie participative et la bonne gouvernance (Gradec), d\u00e9clare qu\u2019il est difficile de dresser un portrait-robot en raison des fortes exigences des populations s\u00e9n\u00e9galaises. \u00ab&nbsp;C\u2019est un exercice difficile eu \u00e9gard au contexte actuel. Pendant 12 ans de gestion du pouvoir, on n\u2019a pas assist\u00e9 \u00e0 l\u2019\u00e9mergence d\u2019un num\u00e9ro 2 au niveau du parti au pouvoir. Chacun des candidats, r\u00e9v\u00e9l\u00e9s actuellement, a des atouts et des faiblesses. Mais, il est important de tenir compte de plusieurs param\u00e8tres, dont les derni\u00e8res manifestations politiques enregistr\u00e9es dans notre pays, qui vont influencer forc\u00e9ment le cours politique&nbsp;\u00bb, indique M. Fall.<\/p>\n\n\n\n<p>Il estime qu\u2019un d\u00e9bat interne dans les rangs du parti au pouvoir, de m\u00eame qu\u2019au niveau de la coalition pr\u00e9sidentielle, peut aider \u00e0 trancher la question de la succession. Mais, souligne-t-il, \u00ab&nbsp;personne ne peut mesurer les cons\u00e9quences du choix qui sera fait, avec notamment&nbsp;des risques d\u2019implosion de la coalition pr\u00e9sidentielle&nbsp;\u00bb,&nbsp;pense-t-il. Le profil id\u00e9al renvoie, selon ses explications, \u00e0 une personnalit\u00e9 en mesure d\u2019\u00eatre sur plusieurs fronts et d\u2019apporter des r\u00e9ponses appropri\u00e9es \u00e0 la question de la gouvernance, de l\u2019\u00e9ducation,&nbsp;de la sant\u00e9, du ch\u00f4mage end\u00e9mique des jeunes. \u00ab Il faut vraiment quelqu\u2019un qui soit capable de remettre le pays au travail et le placer sur une trajectoire de croissance. Notre pays a besoin de relever d\u2019\u00e9normes d\u00e9fis en termes de d\u00e9veloppement et de bonne gouvernance. L\u2019homme de la situation doit disposer d\u2019une vision assez large et d\u2019une bonne ma\u00eetrise des rouages de la constitution d\u2019un \u00c9tat sur le plan \u00e9conomique, social et politique&nbsp;\u00bb, souligne M. Fall.&nbsp; Et d\u2019ajouter&nbsp;: \u00ab&nbsp;Il doit prendre en compte les besoins des S\u00e9n\u00e9galais qui ne veulent plus du sur-place. Qui sera-t-il&nbsp;? On ne saurait le dire, mais il faut une personne de consensus, travailleuse et capable de f\u00e9d\u00e9rer toutes les \u00e9nergies&nbsp;\u00bb.<\/p>\n\n\n\n<p><strong>Un profil \u00e0 la fois technocrate et politique<\/strong><\/p>\n\n\n\n<p>L\u2019analyse politique Mamadou Sy Albert s\u2019inscrit dans la m\u00eame veine. Le maintien du flambeau exige, d\u2019apr\u00e8s ses explications, un choix judicieux. \u00ab Il faut un profil \u00e0 la fois technocrate et politique. On s\u2019attend \u00e0 ce qu\u2019il soit une personne suffisamment pr\u00e9par\u00e9e \u00e0 la gestion de la gouvernance politique et \u00e9conomique, un homme du Gouvernement ou un militant assez visible de l\u2019Apr et de \u00ab Benno \u00bb. Un candidat bien pr\u00e9par\u00e9 pour avoir particip\u00e9 \u00e0 l\u2019\u00e9laboration et \u00e0 la mise en \u0153uvre des politiques publiques d\u00e9clin\u00e9es par le Pr\u00e9sident Macky Sall. L\u2019id\u00e9al est qu\u2019il ait \u00e9t\u00e9 suffisamment impr\u00e9gn\u00e9 du Plan S\u00e9n\u00e9gal \u00e9mergent (Pse), mais qu\u2019il soit \u00e9galement un militant capable de f\u00e9d\u00e9rer son parti et la coalition qui soutenait l\u2019action du Gouvernement \u00bb, explicite-t-il.Dans le m\u00eame sillage, il indique que des profils existent et correspondent \u00e0 cet id\u00e9al. \u00ab Mais, les difficult\u00e9s du choix r\u00e9sident dans la prise en compte de crit\u00e8res objectifs. L\u2019homme de la situation doit susciter la confiance \u00bb, estime M. Sy. Il reconna\u00eet \u00e9galement les possibilit\u00e9s, pour le Chef de l\u2019\u00c9tat, de choisir un candidat hors de la coalition pr\u00e9sidentielle. \u00ab Il y a des pressentis sur la base de crit\u00e8res objectifs et subjectifs. Mais, il ne faut pas exclure l\u2019hypoth\u00e8se que le Chef de l\u2019\u00c9tat choisisse quelqu\u2019un qui n\u2019est tremp\u00e9 ni dans son parti ni dans Bby ou dans le Gouvernement. Cet autre choix est possible en raison des d\u00e9fis qui interpellent le pays \u00bb, souligne-t-il.Mamadou Sy Albert va plus loin dans les explications. Le meilleur candidat, estime-t-il, est celui qui dispose d\u2019une exp\u00e9rience av\u00e9r\u00e9e sur le plan politique et \u00e9tatique. \u00ab Le Chef de l\u2019\u00c9tat va porter son choix sur celui en qui il a confiance pour conduire leur camp vers la victoire. Il peut jouer la carte de la surprise parce que politiquement, cela peut avoir un r\u00e9el impact \u00bb, soutient-il. Pour lui, il ne faut pas aussi perdre de vue que les \u00e9lections pr\u00e9sidentielles rec\u00e8lent de fortes exigences. \u00ab Le dauphin doit \u00eatre capable de mener une bonne campagne \u00e9lectorale, de convaincre les \u00e9lecteurs et d\u2019avoir la chance de remporter les \u00e9lections. C\u2019est le peuple souverain qui va choisir en fonction de ses comp\u00e9tences et de la confiance qu\u2019il inspire \u00bb, estime-t-il.<\/p>\n\n\n\n<p>Matel BOCOUM<\/p>\n\n\n\n<p>LESOLEIL<\/p>\n","protected":false},"excerpt":{"rendered":"<p>Face au choc des candidatures dans la mouvance pr\u00e9sidentielle, quel est le meilleur profil pour maintenir le flambeau ? La<\/p>\n","protected":false},"author":1,"featured_media":16580,"comment_status":"open","ping_status":"open","sticky":false,"template":"","format":"standard","meta":{"footnotes":""},"categories":[6],"tags":[],"class_list":["post-17743","post","type-post","status-publish","format-standard","has-post-thumbnail","hentry","category-politics"],"_links":{"self":[{"href":"https:\/\/dekkbi.com\/index.php?rest_route=\/wp\/v2\/posts\/17743","targetHints":{"allow":["GET"]}}],"collection":[{"href":"https:\/\/dekkbi.com\/index.php?rest_route=\/wp\/v2\/posts"}],"about":[{"href":"https:\/\/dekkbi.com\/index.php?rest_route=\/wp\/v2\/types\/post"}],"author":[{"embeddable":true,"href":"https:\/\/dekkbi.com\/index.php?rest_route=\/wp\/v2\/users\/1"}],"replies":[{"embeddable":true,"href":"https:\/\/dekkbi.com\/index.php?rest_route=%2Fwp%2Fv2%2Fcomments&post=17743"}],"version-history":[{"count":1,"href":"https:\/\/dekkbi.com\/index.php?rest_route=\/wp\/v2\/posts\/17743\/revisions"}],"predecessor-version":[{"id":17744,"href":"https:\/\/dekkbi.com\/index.php?rest_route=\/wp\/v2\/posts\/17743\/revisions\/17744"}],"wp:featuredmedia":[{"embeddable":true,"href":"https:\/\/dekkbi.com\/index.php?rest_route=\/wp\/v2\/media\/16580"}],"wp:attachment":[{"href":"https:\/\/dekkbi.com\/index.php?rest_route=%2Fwp%2Fv2%2Fmedia&parent=17743"}],"wp:term":[{"taxonomy":"category","embeddable":true,"href":"https:\/\/dekkbi.com\/index.php?rest_route=%2Fwp%2Fv2%2Fcategories&post=17743"},{"taxonomy":"post_tag","embeddable":true,"href":"https:\/\/dekkbi.com\/index.php?rest_route=%2Fwp%2Fv2%2Ftags&post=17743"}],"curies":[{"name":"wp","href":"https:\/\/api.w.org\/{rel}","templated":true}]}}