{"id":17722,"date":"2023-07-29T11:24:04","date_gmt":"2023-07-29T11:24:04","guid":{"rendered":"https:\/\/dekkbi.com\/?p=17722"},"modified":"2023-07-29T11:24:05","modified_gmt":"2023-07-29T11:24:05","slug":"235-migrants-senegalais-rapatries-du-maroc","status":"publish","type":"post","link":"https:\/\/dekkbi.com\/?p=17722","title":{"rendered":"235 migrants s\u00e9n\u00e9galais  rapatri\u00e9s du Maroc"},"content":{"rendered":"\n<p>Dakar, (APS) \u2013 Les op\u00e9rations terrestres de rapatriement de migrants s\u00e9n\u00e9galais du Maroc se poursuivent avec le d\u00e9part hier vendredi de Bir-Guindouz de 235 d\u2019entre eux vers la localit\u00e9 s\u00e9n\u00e9galaise de Rosso, dans la r\u00e9gion de Saint Louis ( nord), a appris l\u2019APS de source officielle.<\/p>\n\n\n\n<p>\u00ab&nbsp;235 migrants s\u00e9n\u00e9galais vont quitter le Maroc aujourd\u2019hui (vendredi) dans la soir\u00e9e. Ils devraient arriver \u00e0 Rosso dans le nord du pays dans la nuit de vendredi \u00e0 samedi&nbsp;\u00bb, a indiqu\u00e9 \u00e0 l\u2019APS le minist\u00e8re en charge des S\u00e9n\u00e9galais de l\u2019ext\u00e9rieur.<\/p>\n\n\n\n<p>Une cinquantaine de migrants s\u00e9n\u00e9galais rapatri\u00e9s de Dakhla (Maroc) avait atterri, mercredi soir, \u00e0 l\u2019a\u00e9roport militaire de Ouakam.<\/p>\n\n\n\n<p>La ministre en charge des S\u00e9n\u00e9galais de l\u2019ext\u00e9rieur Annette Seck Ndiaye a ramen\u00e9 ces migrants apr\u00e8s avoir effectu\u00e9 une mission d\u2019\u00e9valuation de la situation des candidats \u00e0 l\u2019\u00e9migration secourus en mer par la marine royale marocaine.<\/p>\n\n\n\n<p>Il s\u2019agissait d\u2019un premier groupe de migrants \u00e0 regagner le S\u00e9n\u00e9gal dans le cadre d\u2019une op\u00e9ration d\u2019envergure qui consiste \u00e0 faire revenir au bercail quelque 478 compatriotes dont les embarcations ont \u00e9chou\u00e9 \u00e0 Dakhla ou ont \u00e9t\u00e9 arraisonn\u00e9es par la Marine royale marocaine.<\/p>\n\n\n\n<p>AKS\/MTN<\/p>\n","protected":false},"excerpt":{"rendered":"<p>Dakar, (APS) \u2013 Les op\u00e9rations terrestres de rapatriement de migrants s\u00e9n\u00e9galais du Maroc se poursuivent avec le d\u00e9part hier vendredi<\/p>\n","protected":false},"author":1,"featured_media":17723,"comment_status":"open","ping_status":"open","sticky":false,"template":"","format":"standard","meta":{"footnotes":""},"categories":[26],"tags":[],"class_list":["post-17722","post","type-post","status-publish","format-standard","has-post-thumbnail","hentry","category-fait-divers"],"_links":{"self":[{"href":"https:\/\/dekkbi.com\/index.php?rest_route=\/wp\/v2\/posts\/17722","targetHints":{"allow":["GET"]}}],"collection":[{"href":"https:\/\/dekkbi.com\/index.php?rest_route=\/wp\/v2\/posts"}],"about":[{"href":"https:\/\/dekkbi.com\/index.php?rest_route=\/wp\/v2\/types\/post"}],"author":[{"embeddable":true,"href":"https:\/\/dekkbi.com\/index.php?rest_route=\/wp\/v2\/users\/1"}],"replies":[{"embeddable":true,"href":"https:\/\/dekkbi.com\/index.php?rest_route=%2Fwp%2Fv2%2Fcomments&post=17722"}],"version-history":[{"count":1,"href":"https:\/\/dekkbi.com\/index.php?rest_route=\/wp\/v2\/posts\/17722\/revisions"}],"predecessor-version":[{"id":17724,"href":"https:\/\/dekkbi.com\/index.php?rest_route=\/wp\/v2\/posts\/17722\/revisions\/17724"}],"wp:featuredmedia":[{"embeddable":true,"href":"https:\/\/dekkbi.com\/index.php?rest_route=\/wp\/v2\/media\/17723"}],"wp:attachment":[{"href":"https:\/\/dekkbi.com\/index.php?rest_route=%2Fwp%2Fv2%2Fmedia&parent=17722"}],"wp:term":[{"taxonomy":"category","embeddable":true,"href":"https:\/\/dekkbi.com\/index.php?rest_route=%2Fwp%2Fv2%2Fcategories&post=17722"},{"taxonomy":"post_tag","embeddable":true,"href":"https:\/\/dekkbi.com\/index.php?rest_route=%2Fwp%2Fv2%2Ftags&post=17722"}],"curies":[{"name":"wp","href":"https:\/\/api.w.org\/{rel}","templated":true}]}}