{"id":17671,"date":"2023-07-28T11:42:39","date_gmt":"2023-07-28T11:42:39","guid":{"rendered":"https:\/\/dekkbi.com\/?p=17671"},"modified":"2023-07-28T11:42:40","modified_gmt":"2023-07-28T11:42:40","slug":"mbappe-au-real-des-cet-ete-les-merengue-connaissent-le-prix-a-payer-pour-convaincre-le-psg","status":"publish","type":"post","link":"https:\/\/dekkbi.com\/?p=17671","title":{"rendered":"Mbapp\u00e9 au Real d\u00e8s cet \u00e9t\u00e9? Les Merengue connaissent le prix \u00e0 payer pour convaincre le PSG"},"content":{"rendered":"\n<p>Partira, partira pas? Kylian Mbapp\u00e9 anime le feuilleton principal du mercato estival. \u00c9cart\u00e9 du groupe du Paris Saint-Germain pour la tourn\u00e9e au Japon, l\u2019international fran\u00e7ais est dans l\u2019incertitude concernant son avenir proche. Si lui veut honorer sa derni\u00e8re ann\u00e9e de contrat \u00e0 Paris avant d\u2019\u00e9ventuellement rejoindre gratuitement le Real Madrid, le club de la capitale fran\u00e7aise veut absolument en tirer un b\u00e9n\u00e9fice et donc le vendre d\u00e8s cet \u00e9t\u00e9. Selon Marca, les dirigeants parisiens ont fix\u00e9 son prix \u00e0 environ 250 millions d\u2019euros.<\/p>\n\n\n\n<p>Le dossier (complexe) Mbapp\u00e9 avance pas \u00e0 pas. Une semaine apr\u00e8s avoir plac\u00e9 son joueur star dans un \u201cloft\u201d des joueurs ind\u00e9sirables, le PSG se penche de plus en plus sur l\u2019hypoth\u00e8se d&rsquo;un d\u00e9part de l\u2019attaquant fran\u00e7ais cet \u00e9t\u00e9. L\u2019objectif est de r\u00e9cup\u00e9rer une indemnit\u00e9 de transfert, alors que le contrat de \u201cKyk\u2019s\u201d se termine le 30 juin 2024.<\/p>\n\n\n\n<p>Persuad\u00e9 que le capitaine des Bleus a d\u00e9j\u00e0 un accord avec le Real Madrid pour la saison prochaine, les dirigeants parisiens auraient communiqu\u00e9 le prix de leur joueur aux Merengue. \u201cCe chiffre serait tr\u00e8s proche des 250 millions d\u2019euros\u201d, rapporte Marca. Selon le quotidien espagnol, c\u2019est la m\u00e8re et agent de Mbapp\u00e9, Faiza Lamary, qui a transmis l\u2019information au club espagnol. Elle n\u00e9gocierait actuellement pour faire baisser ce montant afin de convaincre le Real de s\u2019attacher les services de son fils d\u00e8s cette saison.Toujours d\u2019apr\u00e8s Marca, le transfert pourrait se conclure autour de 225-230 millions d\u2019euros. Si le deal se faisait, cette somme serait alors partag\u00e9e entre le PSG et Mbapp\u00e9, en \u201ccompensation pour que l\u2019attaquant renonce aux 192 millions bruts qu\u2019il a convenus pour la saison qui lui reste\u201d. Un accord aurait \u00e9t\u00e9 scell\u00e9 en ce sens entre Faiza Lamary et Kia Joorabchian, l\u2019agent iranien d\u00e9sign\u00e9 par le club fran\u00e7ais pour n\u00e9gocier avec la m\u00e8re de Kylian Mbapp\u00e9 et Delphine Verheyden, son avocate.<\/p>\n","protected":false},"excerpt":{"rendered":"<p>Partira, partira pas? Kylian Mbapp\u00e9 anime le feuilleton principal du mercato estival. \u00c9cart\u00e9 du groupe du Paris Saint-Germain pour la<\/p>\n","protected":false},"author":1,"featured_media":2101,"comment_status":"open","ping_status":"open","sticky":false,"template":"","format":"standard","meta":{"footnotes":""},"categories":[9],"tags":[],"class_list":["post-17671","post","type-post","status-publish","format-standard","has-post-thumbnail","hentry","category-sports"],"_links":{"self":[{"href":"https:\/\/dekkbi.com\/index.php?rest_route=\/wp\/v2\/posts\/17671","targetHints":{"allow":["GET"]}}],"collection":[{"href":"https:\/\/dekkbi.com\/index.php?rest_route=\/wp\/v2\/posts"}],"about":[{"href":"https:\/\/dekkbi.com\/index.php?rest_route=\/wp\/v2\/types\/post"}],"author":[{"embeddable":true,"href":"https:\/\/dekkbi.com\/index.php?rest_route=\/wp\/v2\/users\/1"}],"replies":[{"embeddable":true,"href":"https:\/\/dekkbi.com\/index.php?rest_route=%2Fwp%2Fv2%2Fcomments&post=17671"}],"version-history":[{"count":1,"href":"https:\/\/dekkbi.com\/index.php?rest_route=\/wp\/v2\/posts\/17671\/revisions"}],"predecessor-version":[{"id":17672,"href":"https:\/\/dekkbi.com\/index.php?rest_route=\/wp\/v2\/posts\/17671\/revisions\/17672"}],"wp:featuredmedia":[{"embeddable":true,"href":"https:\/\/dekkbi.com\/index.php?rest_route=\/wp\/v2\/media\/2101"}],"wp:attachment":[{"href":"https:\/\/dekkbi.com\/index.php?rest_route=%2Fwp%2Fv2%2Fmedia&parent=17671"}],"wp:term":[{"taxonomy":"category","embeddable":true,"href":"https:\/\/dekkbi.com\/index.php?rest_route=%2Fwp%2Fv2%2Fcategories&post=17671"},{"taxonomy":"post_tag","embeddable":true,"href":"https:\/\/dekkbi.com\/index.php?rest_route=%2Fwp%2Fv2%2Ftags&post=17671"}],"curies":[{"name":"wp","href":"https:\/\/api.w.org\/{rel}","templated":true}]}}