{"id":17631,"date":"2023-07-28T09:40:11","date_gmt":"2023-07-28T09:40:11","guid":{"rendered":"https:\/\/dekkbi.com\/?p=17631"},"modified":"2023-07-28T09:40:12","modified_gmt":"2023-07-28T09:40:12","slug":"woyofal-face-aux-recriminations-senelec-annonce-une-etude-pour-une-nouvelle-tarification","status":"publish","type":"post","link":"https:\/\/dekkbi.com\/?p=17631","title":{"rendered":"Woyofal : Face aux r\u00e9criminations, Senelec annonce une \u00e9tude pour une nouvelle tarification"},"content":{"rendered":"\n<p>iGFM &#8211; (Dakar) Ces derni\u00e8res semaines, les r\u00e9criminations contre les tarifs de Woyofal fusent sur les r\u00e9seaux sociaux. Ce jeudi, le Directeur g\u00e9n\u00e9ral de S\u00e9n\u00e9lec a annonc\u00e9 une \u00e9tude pour mettre en place une nouvelle tarification.Une \u00e9tude est en cours pour changer la tarification des compteurs Woyofal. C\u2019est en tout cas ce qu\u2019a annonc\u00e9 le Directeur g\u00e9n\u00e9ral de Senelec, face \u00e0 une col\u00e8re de plus en plus grandissante de ses clients.\u00abLe consultant est en train de travailler. \u00c0 l\u2019issue de cela, nous allons faire les propositions \u00e0 la commission de r\u00e9gulation du secteur de l\u2019\u00e9nergie qui sera charg\u00e9e de valider et de d\u00e9finir ces tarifs-l\u00e0 qui va d\u00e9finir ces tarifs qu\u2019on va appliquer \u00e0 tout le monde\u00bb, a d\u00e9clar\u00e9 Mademba Bitteye.Cependant, c&rsquo;est dans 6 mois que ledit consultant, va rendre les r\u00e9sultats de son travail. en attendat, face aux r\u00e9criminations des clients, le Directeur g\u00e9n\u00e9ral jure que les tarifs de l\u2019\u00e9lectricit\u00e9 n\u2019ont pas hauss\u00e9. Pour lui, les consommateurs doivent plut\u00f4t \u00e9conomiser.\u00abCe que  nous devons dire et rassurer nos consommateurs, c\u2019est qu\u2019aujourd\u2019hui il n\u2019y a pas d\u2019augmentation de tarifs. Et nous les appelons  \u00e0 une attitude beaucoup plus \u00e9conome\u00bb, dit-il.<\/p>\n","protected":false},"excerpt":{"rendered":"<p>iGFM &#8211; (Dakar) Ces derni\u00e8res semaines, les r\u00e9criminations contre les tarifs de Woyofal fusent sur les r\u00e9seaux sociaux. Ce jeudi,<\/p>\n","protected":false},"author":1,"featured_media":17632,"comment_status":"open","ping_status":"open","sticky":false,"template":"","format":"standard","meta":{"footnotes":""},"categories":[3],"tags":[],"class_list":["post-17631","post","type-post","status-publish","format-standard","has-post-thumbnail","hentry","category-event-more-news"],"_links":{"self":[{"href":"https:\/\/dekkbi.com\/index.php?rest_route=\/wp\/v2\/posts\/17631","targetHints":{"allow":["GET"]}}],"collection":[{"href":"https:\/\/dekkbi.com\/index.php?rest_route=\/wp\/v2\/posts"}],"about":[{"href":"https:\/\/dekkbi.com\/index.php?rest_route=\/wp\/v2\/types\/post"}],"author":[{"embeddable":true,"href":"https:\/\/dekkbi.com\/index.php?rest_route=\/wp\/v2\/users\/1"}],"replies":[{"embeddable":true,"href":"https:\/\/dekkbi.com\/index.php?rest_route=%2Fwp%2Fv2%2Fcomments&post=17631"}],"version-history":[{"count":1,"href":"https:\/\/dekkbi.com\/index.php?rest_route=\/wp\/v2\/posts\/17631\/revisions"}],"predecessor-version":[{"id":17633,"href":"https:\/\/dekkbi.com\/index.php?rest_route=\/wp\/v2\/posts\/17631\/revisions\/17633"}],"wp:featuredmedia":[{"embeddable":true,"href":"https:\/\/dekkbi.com\/index.php?rest_route=\/wp\/v2\/media\/17632"}],"wp:attachment":[{"href":"https:\/\/dekkbi.com\/index.php?rest_route=%2Fwp%2Fv2%2Fmedia&parent=17631"}],"wp:term":[{"taxonomy":"category","embeddable":true,"href":"https:\/\/dekkbi.com\/index.php?rest_route=%2Fwp%2Fv2%2Fcategories&post=17631"},{"taxonomy":"post_tag","embeddable":true,"href":"https:\/\/dekkbi.com\/index.php?rest_route=%2Fwp%2Fv2%2Ftags&post=17631"}],"curies":[{"name":"wp","href":"https:\/\/api.w.org\/{rel}","templated":true}]}}