{"id":17610,"date":"2023-07-27T12:09:18","date_gmt":"2023-07-27T12:09:18","guid":{"rendered":"https:\/\/dekkbi.com\/?p=17610"},"modified":"2023-07-27T12:09:18","modified_gmt":"2023-07-27T12:09:18","slug":"emigration-clandestine-drame-de-la-route-le-message-de-la-s2d-aux-familles-des-victimes","status":"publish","type":"post","link":"https:\/\/dekkbi.com\/?p=17610","title":{"rendered":"\u00c9migration clandestine, drame de la route : Le message de la S2D aux familles des victimes"},"content":{"rendered":"\n<p>Par la voix de son secr\u00e9taire g\u00e9n\u00e9ral Souleymane Ndiaye, la S2D a r\u00e9agi \u00e0 l&rsquo;actualit\u00e9 de ces derniers jours marqu\u00e9e par des drames. La formation politique s&rsquo;est inclin\u00e9e devant la m\u00e9moire des disparus et lance un message de r\u00e9confort aux familles des victimes.&nbsp;<br>Notre pays est frapp\u00e9 par une s\u00e9rie de trag\u00e9dies ayant caus\u00e9 la mort d&rsquo;une quarantaine de personnes en moins d&rsquo;une semaine.<br>En effet, le d\u00e9c\u00e8s de 17 candidats \u00e0 l&rsquo;\u00e9migration clandestine dans le naufrage d&rsquo;une pirogue au large de Dakar et de 23 personnes sur la route de Ngueune Sarr a endeuill\u00e9 plusieurs familles s\u00e9n\u00e9galaises dont la plupart comptaient sur ces victimes pour un lendemain meilleur.<br>En ces circonstances douloureuses, je pr\u00e9sente mes condol\u00e9ances attrist\u00e9es aux familles des victimes et souhaite un prompt r\u00e9tablissement aux bless\u00e9s.<br>Ces drames que nous regrettons encore interpellent notre responsabilit\u00e9 individuelle et collective. Nous devons respecter et am\u00e9liorer au besoin les mesures prises par le Gouvernement pour \u00e9radiquer ces fl\u00e9aux.<br>J&rsquo;exhorte les parents \u00e0 continuer de sensibiliser leurs enfants sur les dangers de l&rsquo;\u00e9migration clandestine et les acteurs du transport \u00e0&nbsp; respecter les mesures \u00e9dict\u00e9es par le Gouvernement.<br>Que le Bon Dieu prot\u00e8ge notre cher pays le S\u00e9n\u00e9gal !<\/p>\n\n\n\n<p><strong>Le Secr\u00e9taire G\u00e9n\u00e9ral,<\/strong><\/p>\n\n\n\n<p><strong>M. Souleymane NDIAYE<\/strong><\/p>\n\n\n\n<p>Source &#8211; seneweb<\/p>\n","protected":false},"excerpt":{"rendered":"<p>Par la voix de son secr\u00e9taire g\u00e9n\u00e9ral Souleymane Ndiaye, la S2D a r\u00e9agi \u00e0 l&rsquo;actualit\u00e9 de ces derniers jours marqu\u00e9e<\/p>\n","protected":false},"author":1,"featured_media":17611,"comment_status":"open","ping_status":"open","sticky":false,"template":"","format":"standard","meta":{"footnotes":""},"categories":[26],"tags":[],"class_list":["post-17610","post","type-post","status-publish","format-standard","has-post-thumbnail","hentry","category-fait-divers"],"_links":{"self":[{"href":"https:\/\/dekkbi.com\/index.php?rest_route=\/wp\/v2\/posts\/17610","targetHints":{"allow":["GET"]}}],"collection":[{"href":"https:\/\/dekkbi.com\/index.php?rest_route=\/wp\/v2\/posts"}],"about":[{"href":"https:\/\/dekkbi.com\/index.php?rest_route=\/wp\/v2\/types\/post"}],"author":[{"embeddable":true,"href":"https:\/\/dekkbi.com\/index.php?rest_route=\/wp\/v2\/users\/1"}],"replies":[{"embeddable":true,"href":"https:\/\/dekkbi.com\/index.php?rest_route=%2Fwp%2Fv2%2Fcomments&post=17610"}],"version-history":[{"count":1,"href":"https:\/\/dekkbi.com\/index.php?rest_route=\/wp\/v2\/posts\/17610\/revisions"}],"predecessor-version":[{"id":17612,"href":"https:\/\/dekkbi.com\/index.php?rest_route=\/wp\/v2\/posts\/17610\/revisions\/17612"}],"wp:featuredmedia":[{"embeddable":true,"href":"https:\/\/dekkbi.com\/index.php?rest_route=\/wp\/v2\/media\/17611"}],"wp:attachment":[{"href":"https:\/\/dekkbi.com\/index.php?rest_route=%2Fwp%2Fv2%2Fmedia&parent=17610"}],"wp:term":[{"taxonomy":"category","embeddable":true,"href":"https:\/\/dekkbi.com\/index.php?rest_route=%2Fwp%2Fv2%2Fcategories&post=17610"},{"taxonomy":"post_tag","embeddable":true,"href":"https:\/\/dekkbi.com\/index.php?rest_route=%2Fwp%2Fv2%2Ftags&post=17610"}],"curies":[{"name":"wp","href":"https:\/\/api.w.org\/{rel}","templated":true}]}}