{"id":17607,"date":"2023-07-27T12:02:27","date_gmt":"2023-07-27T12:02:27","guid":{"rendered":"https:\/\/dekkbi.com\/?p=17607"},"modified":"2023-07-27T12:02:28","modified_gmt":"2023-07-27T12:02:28","slug":"aminata-toure-aliou-sane-na-pose-aucun-acte-contraire-a-la-loi-et","status":"publish","type":"post","link":"https:\/\/dekkbi.com\/?p=17607","title":{"rendered":"Aminata Tour\u00e9: \u00ab\u00a0Aliou San\u00e9 n\u2019a pos\u00e9 aucun acte contraire \u00e0 la loi et&#8230;\u00a0\u00bb"},"content":{"rendered":"\n<p>L\u2019ancienne collaboratrice du Pr\u00e9sident Macky Sall et candidate d\u00e9clar\u00e9e \u00e0 la pr\u00e9sidentielle de f\u00e9vrier 2024, a r\u00e9agi suite \u00e0 l\u2019annulation de la libert\u00e9 provisoire accord\u00e9e par le juge d\u2019instruction du deuxi\u00e8me cabinet au vice-coordonnateur du F24, Aliou San\u00e9. Aminata Tour\u00e9 dite Mimi parle d\u2019 \u00ab&nbsp;<em>harc\u00e8lement judiciaire<\/em>&nbsp;\u00bb.<\/p>\n\n\n\n<p>\u00ab\u00a0<em>Le harc\u00e8lement judiciaire contre Aliou San\u00e9, Vice-Pr\u00e9sident du F24, doit cesser imm\u00e9diatement. Nous \u00e9tions avec Aliou San\u00e9, dans la m\u00eame d\u00e9l\u00e9gation du F24, le jour o\u00f9 il a \u00e9t\u00e9 arr\u00eat\u00e9 et nous t\u00e9moignons sur l\u2019honneur, qu&rsquo;Aliou San\u00e9 n\u2019a pos\u00e9 aucun acte contraire \u00e0 la loi et par cons\u00e9quent, il n\u2019y a aucune raison de le poursuivre devant les tribunaux\u00a0<\/em>\u00bb, a-t-elle \u00e9crit via ses plateformes digitales, rapporte \u00ab\u00a0Rewmi\u00a0\u00bb.<\/p>\n","protected":false},"excerpt":{"rendered":"<p>L\u2019ancienne collaboratrice du Pr\u00e9sident Macky Sall et candidate d\u00e9clar\u00e9e \u00e0 la pr\u00e9sidentielle de f\u00e9vrier 2024, a r\u00e9agi suite \u00e0 l\u2019annulation<\/p>\n","protected":false},"author":1,"featured_media":17608,"comment_status":"open","ping_status":"open","sticky":false,"template":"","format":"standard","meta":{"footnotes":""},"categories":[6],"tags":[],"class_list":["post-17607","post","type-post","status-publish","format-standard","has-post-thumbnail","hentry","category-politics"],"_links":{"self":[{"href":"https:\/\/dekkbi.com\/index.php?rest_route=\/wp\/v2\/posts\/17607","targetHints":{"allow":["GET"]}}],"collection":[{"href":"https:\/\/dekkbi.com\/index.php?rest_route=\/wp\/v2\/posts"}],"about":[{"href":"https:\/\/dekkbi.com\/index.php?rest_route=\/wp\/v2\/types\/post"}],"author":[{"embeddable":true,"href":"https:\/\/dekkbi.com\/index.php?rest_route=\/wp\/v2\/users\/1"}],"replies":[{"embeddable":true,"href":"https:\/\/dekkbi.com\/index.php?rest_route=%2Fwp%2Fv2%2Fcomments&post=17607"}],"version-history":[{"count":1,"href":"https:\/\/dekkbi.com\/index.php?rest_route=\/wp\/v2\/posts\/17607\/revisions"}],"predecessor-version":[{"id":17609,"href":"https:\/\/dekkbi.com\/index.php?rest_route=\/wp\/v2\/posts\/17607\/revisions\/17609"}],"wp:featuredmedia":[{"embeddable":true,"href":"https:\/\/dekkbi.com\/index.php?rest_route=\/wp\/v2\/media\/17608"}],"wp:attachment":[{"href":"https:\/\/dekkbi.com\/index.php?rest_route=%2Fwp%2Fv2%2Fmedia&parent=17607"}],"wp:term":[{"taxonomy":"category","embeddable":true,"href":"https:\/\/dekkbi.com\/index.php?rest_route=%2Fwp%2Fv2%2Fcategories&post=17607"},{"taxonomy":"post_tag","embeddable":true,"href":"https:\/\/dekkbi.com\/index.php?rest_route=%2Fwp%2Fv2%2Ftags&post=17607"}],"curies":[{"name":"wp","href":"https:\/\/api.w.org\/{rel}","templated":true}]}}