{"id":17598,"date":"2023-07-27T11:12:31","date_gmt":"2023-07-27T11:12:31","guid":{"rendered":"https:\/\/dekkbi.com\/?p=17598"},"modified":"2023-07-27T11:12:32","modified_gmt":"2023-07-27T11:12:32","slug":"coup-detat-au-niger-la-reaction-du-president-macky-sall","status":"publish","type":"post","link":"https:\/\/dekkbi.com\/?p=17598","title":{"rendered":"Coup d&rsquo;Etat au Niger : La r\u00e9action du pr\u00e9sident Macky Sall"},"content":{"rendered":"\n<p>Des militaires putschistes ont\u00a0 renvers\u00e9 le pr\u00e9sident nig\u00e9rien\u00a0Mohamed Bazoum, d\u00e9mocratiquement \u00e9lu en 2021, ce jeudi.\u00a0<br>Un coup d&rsquo;Etat d\u00e9nonc\u00e9 par la communaut\u00e9 africaine et internationale. La derni\u00e8re r\u00e9action en date est celle du pr\u00e9sident Macky Sall. Sur sa page Twitter, le chef de l&rsquo;Etat s\u00e9n\u00e9galais condamne cette pratique.<br>\u00a0\u00bb Je condamne fermement le coup d\u2019Etat militaire au Niger contre un pr\u00e9sident d\u00e9mocratiquement \u00e9lu. La prise de pouvoir par la force est inacceptable. La s\u00e9curit\u00e9 et la s\u00fbret\u00e9 du Pr\u00e9sident Mohamed Bazoum et de sa famille doivent \u00eatre pr\u00e9serv\u00e9es et l\u2019ordre constitutionnel restaur\u00e9\u00a0\u00bb, a-t-il r\u00e9agi.\u00a0<\/p>\n\n\n\n<p>Source &#8211; seneweb<\/p>\n","protected":false},"excerpt":{"rendered":"<p>Des militaires putschistes ont\u00a0 renvers\u00e9 le pr\u00e9sident nig\u00e9rien\u00a0Mohamed Bazoum, d\u00e9mocratiquement \u00e9lu en 2021, ce jeudi.\u00a0Un coup d&rsquo;Etat d\u00e9nonc\u00e9 par la<\/p>\n","protected":false},"author":1,"featured_media":17599,"comment_status":"open","ping_status":"open","sticky":false,"template":"","format":"standard","meta":{"footnotes":""},"categories":[6],"tags":[],"class_list":["post-17598","post","type-post","status-publish","format-standard","has-post-thumbnail","hentry","category-politics"],"_links":{"self":[{"href":"https:\/\/dekkbi.com\/index.php?rest_route=\/wp\/v2\/posts\/17598","targetHints":{"allow":["GET"]}}],"collection":[{"href":"https:\/\/dekkbi.com\/index.php?rest_route=\/wp\/v2\/posts"}],"about":[{"href":"https:\/\/dekkbi.com\/index.php?rest_route=\/wp\/v2\/types\/post"}],"author":[{"embeddable":true,"href":"https:\/\/dekkbi.com\/index.php?rest_route=\/wp\/v2\/users\/1"}],"replies":[{"embeddable":true,"href":"https:\/\/dekkbi.com\/index.php?rest_route=%2Fwp%2Fv2%2Fcomments&post=17598"}],"version-history":[{"count":1,"href":"https:\/\/dekkbi.com\/index.php?rest_route=\/wp\/v2\/posts\/17598\/revisions"}],"predecessor-version":[{"id":17600,"href":"https:\/\/dekkbi.com\/index.php?rest_route=\/wp\/v2\/posts\/17598\/revisions\/17600"}],"wp:featuredmedia":[{"embeddable":true,"href":"https:\/\/dekkbi.com\/index.php?rest_route=\/wp\/v2\/media\/17599"}],"wp:attachment":[{"href":"https:\/\/dekkbi.com\/index.php?rest_route=%2Fwp%2Fv2%2Fmedia&parent=17598"}],"wp:term":[{"taxonomy":"category","embeddable":true,"href":"https:\/\/dekkbi.com\/index.php?rest_route=%2Fwp%2Fv2%2Fcategories&post=17598"},{"taxonomy":"post_tag","embeddable":true,"href":"https:\/\/dekkbi.com\/index.php?rest_route=%2Fwp%2Fv2%2Ftags&post=17598"}],"curies":[{"name":"wp","href":"https:\/\/api.w.org\/{rel}","templated":true}]}}