{"id":17547,"date":"2023-07-27T09:34:07","date_gmt":"2023-07-27T09:34:07","guid":{"rendered":"https:\/\/dekkbi.com\/?p=17547"},"modified":"2023-07-27T09:34:08","modified_gmt":"2023-07-27T09:34:08","slug":"au-vanuatu-le-president-macron-denonce-les-nouveaux-imperialismes","status":"publish","type":"post","link":"https:\/\/dekkbi.com\/?p=17547","title":{"rendered":"Au Vanuatu, le pr\u00e9sident Macron d\u00e9nonce les \u00abnouveaux imp\u00e9rialismes\u00bb"},"content":{"rendered":"\n<p>Apr\u00e8s la Nouvelle-Cal\u00e9donie, le chef de l\u2019\u00c9tat est ce jeudi 27 juillet au Vanuatu, premi\u00e8re visite d\u2019un pr\u00e9sident fran\u00e7ais depuis que l\u2019\u00eele est ind\u00e9pendante. Objectif affich\u00e9 de cette visite : contrer les influences des \u00c9tats-Unis et de la Chine dans la r\u00e9gion et montrer que la France est une puissance indopacifique. Dans un discours prononc\u00e9 devant le pr\u00e9sident du pays, Emmanuel Macron a justifi\u00e9 la strat\u00e9gie indopacifique fran\u00e7aise face aux \u00ab\u00a0<em>nouveaux imp\u00e9rialismes\u00a0<\/em>\u00bb.<\/p>\n\n\n\n<p><em>Avec notre envoy\u00e9e sp\u00e9ciale,<\/em>&nbsp;<strong>Charlotte<\/strong>&nbsp;<strong>Urien-Tomaka<\/strong><\/p>\n\n\n\n<p>Emmanuel Macron s\u2019est positionn\u00e9 en soutien \u00e0 l\u2019ind\u00e9pendance et \u00e0 l\u2019autonomie des \u00c9tats du Pacifique. Et les mots sont forts : \u00ab&nbsp;<em><a href=\"https:\/\/www.rfi.fr\/fr\/podcasts\/g%C3%A9opolitique\/20230521-indo-pacifique-une-r%C3%A9gion-qui-se-cherche\"><strong>L\u2019Indo-Pacifique<\/strong><\/a>&nbsp;tout particuli\u00e8rement, et peut-\u00eatre l\u2019Oc\u00e9anie plus encore en son sein, a une souverainet\u00e9 et une ind\u00e9pendance qui est bouscul\u00e9e par le monde contemporain. D\u2019abord, la pr\u00e9dation des grandes puissances.<\/em>&nbsp;\u00bb<\/p>\n\n\n\n<p>Une strat\u00e9gie autour de deux axes, la d\u00e9fense et la lutte contre le r\u00e9chauffement climatique, et une boussole : \u00ab\u00a0<em>Notre strat\u00e9gie indo-pacifique consiste d\u2019abord et avant tout \u00e0 d\u00e9fendre, par ses partenariats, l\u2019ind\u00e9pendance et la souverainet\u00e9 de tous les \u00c9tats de la r\u00e9gion qui sont pr\u00eats \u00e0 travailler avec nous.<\/em>\u00a0\u00bb<\/p>\n\n\n\n<h2 class=\"wp-block-heading\">Une escale au Sri Lanka ajout\u00e9e : imposer un peu plus la France dans la r\u00e9gion<\/h2>\n\n\n\n<p>Seul pays europ\u00e9en pr\u00e9sent dans la r\u00e9gion, le chef de l\u2019\u00c9tat n\u2019a eu de cesse de rappeler les 1,5 million de ressortissants fran\u00e7ais et les 8 000 militaires pr\u00e9sents en Indo-Pacifique. Le pr\u00e9sident vanuatais ainsi qu\u2019Emmanuel Macron ont lanc\u00e9 l\u2019appel d\u2019Ifira, pour une action imm\u00e9diate pour lutter contre le r\u00e9chauffement climatique, symbole de la diplomatie environnementale que le pr\u00e9sident fran\u00e7ais veut renforcer dans la r\u00e9gion, et en martelant \u00e0 plusieurs reprises que \u00ab\u00a0<em>nul ne doit avoir \u00e0 choisir entre la lutte contre la pauvret\u00e9 et la lutte contre le r\u00e9chauffement climatique. Parce que nombre de pays comme les v\u00f4tres ont les deux combats \u00e0 mener.<\/em>\u00a0\u00bb<\/p>\n\n\n\n<p>Apr\u00e8s le Vanuatu, le chef de l\u2019\u00c9tat fera escale en Papouasie-Nouvelle-Guin\u00e9e, toujours pour renforcer les relations bilat\u00e9rales et imposer un peu plus la France dans la r\u00e9gion. Une ultime escale, au Sri Lanka, a \u00e9t\u00e9 ajout\u00e9e \u00e0 l&rsquo;agenda pr\u00e9sidentiel, pays tiraill\u00e9 entre deux puissances rivales : la Chine et l&rsquo;Inde. Le chef de l&rsquo;Etat s&rsquo;entretiendra avec le pr\u00e9sident Ranil Wickremesinghe \u00e0 l&rsquo;occasion de \u00ab cette visite historique, la premi\u00e8re d&rsquo;un pr\u00e9sident fran\u00e7ais au Sri Lanka \u00bb, a fait valoir l&rsquo;\u00c9lys\u00e9e. L&rsquo;\u00eele,&nbsp;au large de l&rsquo;Inde, neuf fois plus petite que la France et peupl\u00e9e de quelque 22 millions d&rsquo;habitants, traverse depuis plus d&rsquo;un an une profonde crise \u00e9conomique et politique.&nbsp;Le pr\u00e9sident Wickremesinghe y a pris le pouvoir depuis un an, apr\u00e8s la fuite de son pr\u00e9d\u00e9cesseur, pouss\u00e9 dehors par des manifestations monstres sur fond de la pire crise \u00e9conomique du pays depuis son ind\u00e9pendance en 1948, rappelle l&rsquo;AFP.<\/p>\n","protected":false},"excerpt":{"rendered":"<p>Apr\u00e8s la Nouvelle-Cal\u00e9donie, le chef de l\u2019\u00c9tat est ce jeudi 27 juillet au Vanuatu, premi\u00e8re visite d\u2019un pr\u00e9sident fran\u00e7ais depuis<\/p>\n","protected":false},"author":1,"featured_media":17548,"comment_status":"open","ping_status":"open","sticky":false,"template":"","format":"standard","meta":{"footnotes":""},"categories":[51],"tags":[],"class_list":["post-17547","post","type-post","status-publish","format-standard","has-post-thumbnail","hentry","category-general"],"_links":{"self":[{"href":"https:\/\/dekkbi.com\/index.php?rest_route=\/wp\/v2\/posts\/17547","targetHints":{"allow":["GET"]}}],"collection":[{"href":"https:\/\/dekkbi.com\/index.php?rest_route=\/wp\/v2\/posts"}],"about":[{"href":"https:\/\/dekkbi.com\/index.php?rest_route=\/wp\/v2\/types\/post"}],"author":[{"embeddable":true,"href":"https:\/\/dekkbi.com\/index.php?rest_route=\/wp\/v2\/users\/1"}],"replies":[{"embeddable":true,"href":"https:\/\/dekkbi.com\/index.php?rest_route=%2Fwp%2Fv2%2Fcomments&post=17547"}],"version-history":[{"count":1,"href":"https:\/\/dekkbi.com\/index.php?rest_route=\/wp\/v2\/posts\/17547\/revisions"}],"predecessor-version":[{"id":17549,"href":"https:\/\/dekkbi.com\/index.php?rest_route=\/wp\/v2\/posts\/17547\/revisions\/17549"}],"wp:featuredmedia":[{"embeddable":true,"href":"https:\/\/dekkbi.com\/index.php?rest_route=\/wp\/v2\/media\/17548"}],"wp:attachment":[{"href":"https:\/\/dekkbi.com\/index.php?rest_route=%2Fwp%2Fv2%2Fmedia&parent=17547"}],"wp:term":[{"taxonomy":"category","embeddable":true,"href":"https:\/\/dekkbi.com\/index.php?rest_route=%2Fwp%2Fv2%2Fcategories&post=17547"},{"taxonomy":"post_tag","embeddable":true,"href":"https:\/\/dekkbi.com\/index.php?rest_route=%2Fwp%2Fv2%2Ftags&post=17547"}],"curies":[{"name":"wp","href":"https:\/\/api.w.org\/{rel}","templated":true}]}}