{"id":17541,"date":"2023-07-27T09:18:21","date_gmt":"2023-07-27T09:18:21","guid":{"rendered":"https:\/\/dekkbi.com\/?p=17541"},"modified":"2023-07-27T15:11:29","modified_gmt":"2023-07-27T15:11:29","slug":"senegal-infrastructures-lancement-effectif-des-travaux-du-port-de-ndayane","status":"publish","type":"post","link":"https:\/\/dekkbi.com\/?p=17541","title":{"rendered":"Lancement effectif des travaux du port de Ndayane"},"content":{"rendered":"\n<p>Ndayane, 27 juil (APS) \u2013 Le directeur du Port autonome de Dakar (PAD), Mountaga Sy, a proc\u00e9d\u00e9 au lancement \u2018\u2019effectif\u2019\u2019 des travaux du port de Ndayane, dont la livraison est pr\u00e9vue dans quatre ans, a constat\u00e9 l\u2019APS.<\/p>\n\n\n\n<p>\u2018\u2019Ce projet, qui part sur un horizon temporel, une perspective de 48 mois, \u00e0 compter du 1<sup>er<\/sup>&nbsp;avril 2024, sera livr\u00e9 aux S\u00e9n\u00e9galais, \u00e0 la sous-r\u00e9gion, le 1<sup>er<\/sup>&nbsp;avril 2027\u2019\u2019, a-t-il dit \u00e0 la presse lors de la c\u00e9r\u00e9monie.<\/p>\n\n\n\n<p>Il consid\u00e8re que ce lancement des travaux \u2018\u2019consacre le principe que le port de Ndayane tient bien son agenda\u2019\u2019.<\/p>\n\n\n\n<p>Selon le directeur g\u00e9n\u00e9ral du Port autonome de Dakar, \u2018\u2019le sch\u00e9ma de diligence de r\u00e9alisation du projet consacre la mise \u00e0 disposition d\u2019une assiette fonci\u00e8re totale de 1200 ha dont 300 ha pour le port de Ndayane\u2019\u2019.<\/p>\n\n\n\n<p>Trois cents hectares sont r\u00e9serv\u00e9s \u00e0 DP World et autant d\u2019hectares \u00e0 l\u2019Etat. Six cents autres hectares sont d\u00e9di\u00e9s \u00e0 la zone \u00e9conomique sp\u00e9ciale (ZES).<\/p>\n\n\n\n<p>Mountaga Sy estime qu\u2019\u2019\u2019il appartient \u00e0 l\u2019Etat de mettre \u00e0 la disposition du projet des emprises libres de toute occupation\u2019\u2019.<\/p>\n\n\n\n<p>Il s\u2019est r\u00e9joui de voir que les march\u00e9s techniques ont \u00e9t\u00e9 attribu\u00e9s et le projet tenir son agenda.<\/p>\n\n\n\n<p>Dans le cadre du lancement effectif des travaux, dit-il, \u2018\u2019des maisons en fa\u00e7ade maritime, des piscines ont \u00e9t\u00e9 vid\u00e9es de leur contenu dans un environnement apais\u00e9 et une adh\u00e9sion des personnes\u2019\u2019.<\/p>\n\n\n\n<p>\u2018\u2019Les populations ont, au pr\u00e9alable, d\u00e9m\u00e9nag\u00e9 enti\u00e8rement\u2019\u2019, indique-t-il.<\/p>\n\n\n\n<p>Selon lui, \u2018\u2019les forces de s\u00e9curit\u00e9 ont fait des visites hier nuit, maison apr\u00e8s maison, pour s\u2019assurer et valider que personne n\u2019est en danger (\u2026)\u2019\u2019.<\/p>\n\n\n\n<p>\u2018\u2019On a un balisage intelligent qui respecte toutes les dispositions s\u00e9curitaires et environnementales pour le projet\u2019\u2019, a-t-il assur\u00e9.<\/p>\n\n\n\n<p>Le directeur g\u00e9n\u00e9ral du port d\u00e9clare que \u2018\u2019l\u2019Etat du S\u00e9n\u00e9gal a choisi un partenaire strat\u00e9gique, \u00e0 savoir DP World pour la r\u00e9alisation du port le plus moderne de la c\u00f4te ouest africaine\u2019\u2019.<\/p>\n\n\n\n<p>CS\/ASG<\/p>\n","protected":false},"excerpt":{"rendered":"<p>Ndayane, 27 juil (APS) \u2013 Le directeur du Port autonome de Dakar (PAD), Mountaga Sy, a proc\u00e9d\u00e9 au lancement \u2018\u2019effectif\u2019\u2019<\/p>\n","protected":false},"author":1,"featured_media":17542,"comment_status":"open","ping_status":"open","sticky":false,"template":"","format":"standard","meta":{"footnotes":""},"categories":[3],"tags":[],"class_list":["post-17541","post","type-post","status-publish","format-standard","has-post-thumbnail","hentry","category-event-more-news"],"_links":{"self":[{"href":"https:\/\/dekkbi.com\/index.php?rest_route=\/wp\/v2\/posts\/17541","targetHints":{"allow":["GET"]}}],"collection":[{"href":"https:\/\/dekkbi.com\/index.php?rest_route=\/wp\/v2\/posts"}],"about":[{"href":"https:\/\/dekkbi.com\/index.php?rest_route=\/wp\/v2\/types\/post"}],"author":[{"embeddable":true,"href":"https:\/\/dekkbi.com\/index.php?rest_route=\/wp\/v2\/users\/1"}],"replies":[{"embeddable":true,"href":"https:\/\/dekkbi.com\/index.php?rest_route=%2Fwp%2Fv2%2Fcomments&post=17541"}],"version-history":[{"count":2,"href":"https:\/\/dekkbi.com\/index.php?rest_route=\/wp\/v2\/posts\/17541\/revisions"}],"predecessor-version":[{"id":17615,"href":"https:\/\/dekkbi.com\/index.php?rest_route=\/wp\/v2\/posts\/17541\/revisions\/17615"}],"wp:featuredmedia":[{"embeddable":true,"href":"https:\/\/dekkbi.com\/index.php?rest_route=\/wp\/v2\/media\/17542"}],"wp:attachment":[{"href":"https:\/\/dekkbi.com\/index.php?rest_route=%2Fwp%2Fv2%2Fmedia&parent=17541"}],"wp:term":[{"taxonomy":"category","embeddable":true,"href":"https:\/\/dekkbi.com\/index.php?rest_route=%2Fwp%2Fv2%2Fcategories&post=17541"},{"taxonomy":"post_tag","embeddable":true,"href":"https:\/\/dekkbi.com\/index.php?rest_route=%2Fwp%2Fv2%2Ftags&post=17541"}],"curies":[{"name":"wp","href":"https:\/\/api.w.org\/{rel}","templated":true}]}}