{"id":17522,"date":"2023-07-26T09:41:39","date_gmt":"2023-07-26T09:41:39","guid":{"rendered":"https:\/\/dekkbi.com\/?p=17522"},"modified":"2023-07-26T09:41:41","modified_gmt":"2023-07-26T09:41:41","slug":"abdou-karim-fofana-ce-qui-explique-la-levee-du-blocus-chez-sonko","status":"publish","type":"post","link":"https:\/\/dekkbi.com\/?p=17522","title":{"rendered":"Abdou Karim Fofana: \u00ab\u00a0Ce qui explique la lev\u00e9e du blocus chez Sonko&#8230;\u00a0\u00bb"},"content":{"rendered":"\n<p>iGFM &#8211; (Dakar) Depuis le d\u00e9but de cette semaine, Ousmane Sonko n\u2019a plus de barri\u00e8res autour de sa demeure. Hier face \u00e0 la presse, le gouvernement s\u2019est expliqu\u00e9 sur ce fait.<\/p>\n\n\n\n<p>\u00abII n&rsquo;y \u00e0 plus d&rsquo;appel \u00e0 l&rsquo;insurrection ni de trouble \u00e0 l&rsquo;ordre public. \u00c0 partir de ce moment, il n&rsquo;y a plus n\u00e9cessit\u00e9 de barricader le domicile d&rsquo;Ousmane Sonko et tout son quartier encore moins bloquer le passage \u00e0 la cit\u00e9 Keur Guorgui\u00bb, a expliqu\u00e9 Abdou Karim Fofana, porte-parole du gouvernement. Et puisqu\u2019il n\u2019y a pas ces \u00e9l\u00e9ments, la mesure n&rsquo;a plus sa raison a-t-il expliqu\u00e9 face \u00e0 la presse. \u00a0\u00abC&rsquo;est la seule raison de la lev\u00e9e du blocus des barri\u00e8res chez Sonko\u00bb, assure \u00a0Abdou Karim Fofana.<br><br>Pour rappel, du c\u00f4t\u00e9 du leader de Pastef, on parle d&rsquo;un non \u00e9v\u00e8nement. \u00abIl m\u2019a charg\u00e9 de dire au peuple que ce n\u2019est pas la peine que tous affluent ici. Parce que ceci n\u2019est pas un \u00e9v\u00e8nement. Ce sont eux qui ont mis les barri\u00e8res et ce sont eux qui les ont enlev\u00e9es \u00bb, a d\u00e9clar\u00e9 Djiby Gueye Ndiaye, son chef de protocole, face \u00e0 la presse, lundi dernier.<\/p>\n","protected":false},"excerpt":{"rendered":"<p>iGFM &#8211; (Dakar) Depuis le d\u00e9but de cette semaine, Ousmane Sonko n\u2019a plus de barri\u00e8res autour de sa demeure. Hier<\/p>\n","protected":false},"author":1,"featured_media":17523,"comment_status":"open","ping_status":"open","sticky":false,"template":"","format":"standard","meta":{"footnotes":""},"categories":[26],"tags":[],"class_list":["post-17522","post","type-post","status-publish","format-standard","has-post-thumbnail","hentry","category-fait-divers"],"_links":{"self":[{"href":"https:\/\/dekkbi.com\/index.php?rest_route=\/wp\/v2\/posts\/17522","targetHints":{"allow":["GET"]}}],"collection":[{"href":"https:\/\/dekkbi.com\/index.php?rest_route=\/wp\/v2\/posts"}],"about":[{"href":"https:\/\/dekkbi.com\/index.php?rest_route=\/wp\/v2\/types\/post"}],"author":[{"embeddable":true,"href":"https:\/\/dekkbi.com\/index.php?rest_route=\/wp\/v2\/users\/1"}],"replies":[{"embeddable":true,"href":"https:\/\/dekkbi.com\/index.php?rest_route=%2Fwp%2Fv2%2Fcomments&post=17522"}],"version-history":[{"count":1,"href":"https:\/\/dekkbi.com\/index.php?rest_route=\/wp\/v2\/posts\/17522\/revisions"}],"predecessor-version":[{"id":17524,"href":"https:\/\/dekkbi.com\/index.php?rest_route=\/wp\/v2\/posts\/17522\/revisions\/17524"}],"wp:featuredmedia":[{"embeddable":true,"href":"https:\/\/dekkbi.com\/index.php?rest_route=\/wp\/v2\/media\/17523"}],"wp:attachment":[{"href":"https:\/\/dekkbi.com\/index.php?rest_route=%2Fwp%2Fv2%2Fmedia&parent=17522"}],"wp:term":[{"taxonomy":"category","embeddable":true,"href":"https:\/\/dekkbi.com\/index.php?rest_route=%2Fwp%2Fv2%2Fcategories&post=17522"},{"taxonomy":"post_tag","embeddable":true,"href":"https:\/\/dekkbi.com\/index.php?rest_route=%2Fwp%2Fv2%2Ftags&post=17522"}],"curies":[{"name":"wp","href":"https:\/\/api.w.org\/{rel}","templated":true}]}}