{"id":17510,"date":"2023-07-26T09:15:15","date_gmt":"2023-07-26T09:15:15","guid":{"rendered":"https:\/\/dekkbi.com\/?p=17510"},"modified":"2023-07-26T09:15:17","modified_gmt":"2023-07-26T09:15:17","slug":"afrique-journee-mondiale-de-la-lutte-contre-la-traite-detres-humains","status":"publish","type":"post","link":"https:\/\/dekkbi.com\/?p=17510","title":{"rendered":"Afrique : Journ\u00e9e mondiale de la lutte contre la traite d\u2019\u00eatres humains"},"content":{"rendered":"\n<p>DAKAR, S\u00e9n\u00e9gal &#8212;\u00a0<em>Panel de haut niveau le 27 juillet 2023, Dakar, King Fahd Palace, 09H00\u00a0;\u00a0<strong>Concert au Th\u00e9\u00e2tre Sorano, Dakar, 29 juillet 2023, 19h00\u00a0;\u00a0<\/strong>Ev\u00e8nements dans 7 autres pays\u00a0: Burkina Faso, C\u00f4te d&rsquo;Ivoire, Gambie, Mali, Niger, Tchad, Nigeria, ci-dessous.<\/em><\/p>\n\n\n\n<p>L&rsquo;Office des Nations Unies contre la Drogue et le Crime (ONUDC) Bureau r\u00e9gional pour l&rsquo;Afrique de l&rsquo;Ouest et du Centre et le Haut-Commissariat des Nations Unies aux Droits de l&rsquo;Homme (HCDH) Bureau r\u00e9gional pour l&rsquo;Afrique de l&rsquo;Ouest, \u00e0 travers le Projet PROMIS, financ\u00e9 par le Royaume des Pays-Bas lancent la\u00a0Campagne C\u0153ur bleu\u00a0(https:\/\/apo-opa.info\/4509O20) au S\u00e9n\u00e9gal, sous l&rsquo;\u00e9gide du Comit\u00e9 National de lutte contre la traite des personnes, la protection des victimes et des t\u00e9moins (CNLTP) et du Minist\u00e8re de la Justice du S\u00e9n\u00e9gal, \u00e0 l&rsquo;occasion de\u00a0la Journ\u00e9e mondiale de la lutte contre la traite d&rsquo;\u00eatres humains\u00a0(https:\/\/apo-opa.info\/3Ka0yAg) \u00e0 travers un panel et un concert \u00e9v\u00e8nement au th\u00e9\u00e2tre Sorano de Dakar le 29 juillet \u00e0 19h00. Ouverture des portes \u00e0 18h00.<\/p>\n\n\n\n<p>A l&rsquo;affiche du concert\u00a0: la chanteuse s\u00e9n\u00e9galo-canadienne\u00a0<strong>Alexiane<\/strong>,\u00a0<strong>Coumba Gawlo<\/strong>, la diva \u00e0 la voix d&rsquo;or et\u00a0<strong>VJ<\/strong>, l&rsquo;\u00e9toile montante, ainsi que les finalistes du concours \u00ab\u00a0Chantez pour la justice\u00a0\u00bb (https:\/\/apo-opa.info\/3Y4rk2T) : Mariama Cham, Pape Abdoulaye Dieng et les \u00e9l\u00e8ves de S\u00e9n\u00e9gal G\u00e9nie Musique, Boun Oumar Ndiaye, Lansana Sane, Fran\u00e7ois S\u00e8ne, Khady Pouye. En plus de ce concert \u00e9v\u00e8nement, qui aura lieu le 29 juillet au th\u00e9\u00e2tre Sorano de Dakar, les six jeunes finalistes du concours auront l&rsquo;opportunit\u00e9 de participer \u00e0 une masterclasse d&rsquo;une semaine avec \u00c9veil et Musiques (https:\/\/apo-opa.info\/3rGjQae) form\u00e9s par Ga\u00ebl Hottmongo et Sadrak au studio l\u00e9gendaire la Boutique de Pape Armand Boy (https:\/\/www.StudioLaBoutique.com\/). Le concert vise \u00e0 sensibiliser l&rsquo;opinion publique mondiale sur la traite des \u00eatres humains et son impact sur les individus et la soci\u00e9t\u00e9. De plus, la campagne C\u0153ur bleu encourage la participation des gouvernements, de la soci\u00e9t\u00e9 civile, du secteur priv\u00e9 et des particuliers pour agir et aider \u00e0 pr\u00e9venir la traite des \u00eatres humains.<\/p>\n\n\n\n<p>Le concert est gratuit sur inscription ici&nbsp;:&nbsp;<a href=\"https:\/\/r.news.africa-wire.com\/mk\/cl\/f\/sh\/1t6Af4OiGsHn13hSbHqGx31GaOhfpD\/UaaUd8r91AVb\" target=\"_blank\" rel=\"noreferrer noopener\">https:\/\/apo-opa.info\/44Dhzed<\/a><\/p>\n\n\n\n<p>Le concert sera pr\u00e9c\u00e9d\u00e9, le 27 juillet 2023&nbsp;d&rsquo;un Panel \u00e0 l&rsquo;occasion de la Journ\u00e9e mondiale de la lutte contre la traite des \u00eatres humains au S\u00e9n\u00e9gal, organis\u00e9 par l&rsquo;ONUDC, le HCDH, l&rsquo;Institut des Droits de l&rsquo;Homme et de la Paix (IDHP) et le CNLTP \u00e0 Dakar, au King Fahd palace H\u00f4tel.<\/p>\n\n\n\n<p>Des \u00e9v\u00e8nements auront \u00e9galement lieu dans 7 autres pays&nbsp;: Burkina Faso, C\u00f4te d&rsquo;Ivoire, Gambie, Mali, Niger, Tchad, Nigeria. Plus d&rsquo;information ici&nbsp;:&nbsp;<a href=\"https:\/\/r.news.africa-wire.com\/mk\/cl\/f\/sh\/7nVU1aA2nfsZpYlKMxKea8rTZDXeuOJ\/wHLpqJXgXgVH\" target=\"_blank\" rel=\"noreferrer noopener\">https:\/\/apo-opa.info\/474cayr<\/a><\/p>\n\n\n\n<p><strong>Les m\u00e9dias sont convi\u00e9s le :<\/strong><\/p>\n\n\n\n<p>&#8211; 27 juillet 2023&nbsp; \u00e0 09h00 : Panel \u00e0 l&rsquo;occasion de la Journ\u00e9e mondiale de la lutte contre la traite des \u00eatres humains, King Fahd palace H\u00f4tel (ex-H\u00f4tel M\u00e9ridien Pr\u00e9sident) sis aux almadies<\/p>\n\n\n\n<p>&#8211; 29 juillet \u00e0 19h00 : Concert au Th\u00e9\u00e2tre Daniel Sorano avec Alexiane, Coumba Gawlo et VJ (<a href=\"https:\/\/r.news.africa-wire.com\/mk\/cl\/f\/sh\/7nVU1aA2nfuSp5GdLWZ6cVBHja2ReKp\/3sa1rcwle_qV\" target=\"_blank\" rel=\"noreferrer noopener\">https:\/\/apo-opa.info\/44Dhzed<\/a>)<\/p>\n\n\n\n<p><em>Lien vers la vid\u00e9o :&nbsp;<a href=\"https:\/\/r.news.africa-wire.com\/mk\/cl\/f\/sh\/7nVU1aA2nfwLoblwK5nYerV5twXEOHL\/BQ0tetTgMS22\" target=\"_blank\" rel=\"noreferrer noopener\">https:\/\/apo-opa.info\/3O9lCrF<\/a><\/em><\/p>\n\n\n\n<p><em>Distribu\u00e9 par APO Group pour United Nations Office on Drugs and Crime (UNODC).<\/em><\/p>\n","protected":false},"excerpt":{"rendered":"<p>DAKAR, S\u00e9n\u00e9gal &#8212;\u00a0Panel de haut niveau le 27 juillet 2023, Dakar, King Fahd Palace, 09H00\u00a0;\u00a0Concert au Th\u00e9\u00e2tre Sorano, Dakar, 29<\/p>\n","protected":false},"author":1,"featured_media":17511,"comment_status":"open","ping_status":"open","sticky":false,"template":"","format":"standard","meta":{"footnotes":""},"categories":[21],"tags":[],"class_list":["post-17510","post","type-post","status-publish","format-standard","has-post-thumbnail","hentry","category-societe"],"_links":{"self":[{"href":"https:\/\/dekkbi.com\/index.php?rest_route=\/wp\/v2\/posts\/17510","targetHints":{"allow":["GET"]}}],"collection":[{"href":"https:\/\/dekkbi.com\/index.php?rest_route=\/wp\/v2\/posts"}],"about":[{"href":"https:\/\/dekkbi.com\/index.php?rest_route=\/wp\/v2\/types\/post"}],"author":[{"embeddable":true,"href":"https:\/\/dekkbi.com\/index.php?rest_route=\/wp\/v2\/users\/1"}],"replies":[{"embeddable":true,"href":"https:\/\/dekkbi.com\/index.php?rest_route=%2Fwp%2Fv2%2Fcomments&post=17510"}],"version-history":[{"count":1,"href":"https:\/\/dekkbi.com\/index.php?rest_route=\/wp\/v2\/posts\/17510\/revisions"}],"predecessor-version":[{"id":17512,"href":"https:\/\/dekkbi.com\/index.php?rest_route=\/wp\/v2\/posts\/17510\/revisions\/17512"}],"wp:featuredmedia":[{"embeddable":true,"href":"https:\/\/dekkbi.com\/index.php?rest_route=\/wp\/v2\/media\/17511"}],"wp:attachment":[{"href":"https:\/\/dekkbi.com\/index.php?rest_route=%2Fwp%2Fv2%2Fmedia&parent=17510"}],"wp:term":[{"taxonomy":"category","embeddable":true,"href":"https:\/\/dekkbi.com\/index.php?rest_route=%2Fwp%2Fv2%2Fcategories&post=17510"},{"taxonomy":"post_tag","embeddable":true,"href":"https:\/\/dekkbi.com\/index.php?rest_route=%2Fwp%2Fv2%2Ftags&post=17510"}],"curies":[{"name":"wp","href":"https:\/\/api.w.org\/{rel}","templated":true}]}}