{"id":17507,"date":"2023-07-26T09:01:40","date_gmt":"2023-07-26T09:01:40","guid":{"rendered":"https:\/\/dekkbi.com\/?p=17507"},"modified":"2023-07-26T09:01:41","modified_gmt":"2023-07-26T09:01:41","slug":"ecole-e-learning-es-maroc-afrique-francophone-la-9eme-edition-une-opportunite-concrete-et-gratuite-pour-les-associations-de-lafrique-francophone","status":"publish","type":"post","link":"https:\/\/dekkbi.com\/?p=17507","title":{"rendered":"\u00c9cole e-learning ES.Maroc &#8211; Afrique Francophone: la 9\u00e8me \u00e9dition, une opportunit\u00e9 concr\u00e8te et gratuite pour les associations de l&rsquo;Afrique Francophone"},"content":{"rendered":"\n<p><strong>L&rsquo;ONG Soleterre et l&rsquo;association\u00a0ES.Maroc.org\u00a0lancent la 9\u00e8me \u00e9dition de \u00ab\u00a0\u00c9cole e-Learning\u00a0ES.Maroc &#8211; Afrique Francophone \u00bb.<\/strong><\/p>\n\n\n\n<p><strong>Objectif : professionnaliser le secteur associatif et aider les acteurs \u00e0 structurer et d\u00e9velopper durablement leurs activit\u00e9s.<\/strong><\/p>\n\n\n\n<p><strong>Le 27 juillet \u00e0 17h30 la pr\u00e9sentation officielle en direct Facebook.<\/strong><\/p>\n\n\n\n<p>Les candidatures d&rsquo;associations pour la 9\u00e8me \u00e9dition de \u00ab \u00c9cole e-Learning ES.Maroc &#8211; Afrique Francophone \u00bb sont d\u00e9sormais ouvertes. Depuis sa cr\u00e9ation en 2018 par\u00a0<strong>l&rsquo;ONG europ\u00e9enne Soleterre et l&rsquo;association marocaine\u00a0ES.Maroc.org<\/strong>, l&rsquo;\u00c9cole, lanc\u00e9e d&rsquo;abord au Maroc puis sur le reste du continent, a permis d&rsquo;accompagner gratuitement\u00a0<strong>235 associations de 15 pays d&rsquo;Afrique francophone,<\/strong>\u00a0pour les structurer dans les domaines financiers, techniques et sur les ressources humaines. Et cela en se basant sur des m\u00e9thodes d&rsquo;apprentissage en ligne et des outils digitaux faciles d&rsquo;acc\u00e8s pour les formateurs et les utilisateurs, en contribuant ainsi \u00e0 la\u00a0<strong>r\u00e9duction du foss\u00e9 num\u00e9rique.<\/strong><\/p>\n\n\n\n<p><strong>En C\u00f4te d&rsquo;Ivoire et au Maroc ce sont plus de 200 les associations qui ont postul\u00e9<\/strong>&nbsp;dans ces ann\u00e9es,&nbsp;<strong>en Burkina Faso plus de 150, 40 au S\u00e9n\u00e9gal, 25 au Niger, 20 au B\u00e9nin, 15 au Mali, 10 au Cameroun et 5 \u00e0 peu pr\u00e8s au Burundi, le Congo, la RDC, la Guin\u00e9e, le Madagascar, la Mauritanie et le Togo.<\/strong><\/p>\n\n\n\n<p><strong>11 associations ont gagn\u00e9 le pitch organis\u00e9 au cours des \u00e9ditions pass\u00e9es et re\u00e7u un financement de 5.000 Euros&nbsp;<\/strong>pour r\u00e9aliser le micro projet pr\u00e9sent\u00e9 \u00e0 la fin du cours.<\/p>\n\n\n\n<p><strong>La pr\u00e9sentation officielle de la 9\u00e8me \u00e9dition se tiendra en direct sur la page Facebook\u00a0<\/strong>@entreprisesociale<strong>\u00a0et les associations de tous les pays de l&rsquo;Afrique Francophone pourront participer et poser leurs questions \u00e0 l&rsquo;\u00e9quipe de l&rsquo;\u00e9cole.<\/strong><\/p>\n\n\n\n<p>L&rsquo; \u00ab&nbsp;\u00c9cole e-Learning ES.Maroc &#8211; Afrique Francophone&nbsp;\u00bb est destin\u00e9e \u00e0 renforcer les capacit\u00e9s des associations \u0153uvrant pour le d\u00e9veloppement durable, afin qu&rsquo;elles parviennent \u00e0<strong>&nbsp;pr\u00e9senter leurs projets aux bailleurs de fonds nationaux et internationaux, publics et priv\u00e9s. Des formations sur mesure pour leur donner les clefs et les outils pour renforcer leur capacit\u00e9 et ainsi booster le d\u00e9veloppement des territoires<\/strong>. Cette formation a \u00e9galement vocation \u00e0 cr\u00e9er des synergies et partages d&rsquo;id\u00e9es pour l&rsquo;ensemble des membres du r\u00e9seau des acteurs associatifs, dans le but d&rsquo;enrichir leurs pratiques professionnelles.<\/p>\n\n\n\n<p><em>\u00ab Face aux difficult\u00e9s rencontr\u00e9es par les associations en Afrique francophone, l&rsquo;\u00c9cole e-Learning se veut \u00eatre une r\u00e9ponse concr\u00e8te aux besoins constat\u00e9s. En Afrique, nous voyons beaucoup de personnes motiv\u00e9es \u00e0 faire du b\u00e9n\u00e9volat dans des petites associations qui travaillent tr\u00e8s bien. Mais elles n&rsquo;ont pas les comp\u00e9tences n\u00e9cessaires et l&rsquo;encadrement pour les transformer en grandes associations, qui peuvent avoir un impact significatif. Souvent, les associations ne sont pas structur\u00e9es. Elles n&rsquo;ont pas de salari\u00e9s, d&rsquo;\u00e9quipements de base ni de comp\u00e9tences en mati\u00e8re de gestion \u00bb,&nbsp;<\/em>d\u00e9clare Mr. Ismail Iftissen, pr\u00e9sident de l&rsquo;Association ES.Maroc.org.<\/p>\n\n\n\n<p><strong>Soutenir financi\u00e8rement les meilleurs projets associatifs<\/strong><\/p>\n\n\n\n<p>Cette formation intensive de deux mois est dispens\u00e9e par des experts internationaux et se base sur quatre axes fondamentaux :<\/p>\n\n\n\n<ul class=\"wp-block-list\">\n<li><strong>R\u00e9daction de projets<\/strong>&nbsp;adapt\u00e9s aux crit\u00e8res et aux exigences des principaux bailleurs de fonds ;<\/li>\n\n\n\n<li><strong>Conception du plan de financement et gestion de la comptabilit\u00e9<\/strong>&nbsp;;<\/li>\n\n\n\n<li><strong>\u00c9laboration d&rsquo;un plan de communication<\/strong>&nbsp;<strong>strat\u00e9gique efficace<\/strong>&nbsp;pour se faire conna\u00eetre ;<\/li>\n\n\n\n<li><strong>Mise en \u0153uvre d&rsquo;une strat\u00e9gie de lev\u00e9e de fonds performante.<\/strong><\/li>\n<\/ul>\n\n\n\n<p>\u00c0 la fin de chaque programme de formation, un pitch est organis\u00e9 pour permettre aux diff\u00e9rentes associations de la formation de d\u00e9fendre leurs micro-projets aupr\u00e8s d&rsquo;un jury d&rsquo;experts.&nbsp;<strong>Le meilleur projet associatif sera r\u00e9compens\u00e9 d&rsquo;une subvention d&rsquo;une valeur de 5.000 Euros.<\/strong><\/p>\n\n\n\n<p><strong>La 9\u00e8me \u00e9dition est financ\u00e9e par la Fondazione San Zeno et d\u00e9butera en septembre 2023.&nbsp;<\/strong>Les associations qui souhaitent participer doivent&nbsp;<strong>pr\u00e9senter leur candidature avant le 6 a\u00f4ut&nbsp;<\/strong>et remplir les conditions suivantes :<\/p>\n\n\n\n<ul class=\"wp-block-list\">\n<li><strong>Avoir moins de 8 ans d&rsquo;existence<\/strong><\/li>\n\n\n\n<li><strong>Ne pas employer d\u00e9j\u00e0 de salari\u00e9s<\/strong><\/li>\n\n\n\n<li><strong>Ne pas avoir re\u00e7u de financements aupr\u00e8s des grands bailleurs de fonds.<\/strong><\/li>\n<\/ul>\n","protected":false},"excerpt":{"rendered":"<p>L&rsquo;ONG Soleterre et l&rsquo;association\u00a0ES.Maroc.org\u00a0lancent la 9\u00e8me \u00e9dition de \u00ab\u00a0\u00c9cole e-Learning\u00a0ES.Maroc &#8211; Afrique Francophone \u00bb. Objectif : professionnaliser le secteur associatif<\/p>\n","protected":false},"author":1,"featured_media":17508,"comment_status":"open","ping_status":"open","sticky":false,"template":"","format":"standard","meta":{"footnotes":""},"categories":[46],"tags":[],"class_list":["post-17507","post","type-post","status-publish","format-standard","has-post-thumbnail","hentry","category-technology"],"_links":{"self":[{"href":"https:\/\/dekkbi.com\/index.php?rest_route=\/wp\/v2\/posts\/17507","targetHints":{"allow":["GET"]}}],"collection":[{"href":"https:\/\/dekkbi.com\/index.php?rest_route=\/wp\/v2\/posts"}],"about":[{"href":"https:\/\/dekkbi.com\/index.php?rest_route=\/wp\/v2\/types\/post"}],"author":[{"embeddable":true,"href":"https:\/\/dekkbi.com\/index.php?rest_route=\/wp\/v2\/users\/1"}],"replies":[{"embeddable":true,"href":"https:\/\/dekkbi.com\/index.php?rest_route=%2Fwp%2Fv2%2Fcomments&post=17507"}],"version-history":[{"count":1,"href":"https:\/\/dekkbi.com\/index.php?rest_route=\/wp\/v2\/posts\/17507\/revisions"}],"predecessor-version":[{"id":17509,"href":"https:\/\/dekkbi.com\/index.php?rest_route=\/wp\/v2\/posts\/17507\/revisions\/17509"}],"wp:featuredmedia":[{"embeddable":true,"href":"https:\/\/dekkbi.com\/index.php?rest_route=\/wp\/v2\/media\/17508"}],"wp:attachment":[{"href":"https:\/\/dekkbi.com\/index.php?rest_route=%2Fwp%2Fv2%2Fmedia&parent=17507"}],"wp:term":[{"taxonomy":"category","embeddable":true,"href":"https:\/\/dekkbi.com\/index.php?rest_route=%2Fwp%2Fv2%2Fcategories&post=17507"},{"taxonomy":"post_tag","embeddable":true,"href":"https:\/\/dekkbi.com\/index.php?rest_route=%2Fwp%2Fv2%2Ftags&post=17507"}],"curies":[{"name":"wp","href":"https:\/\/api.w.org\/{rel}","templated":true}]}}