{"id":17459,"date":"2023-07-25T11:10:46","date_gmt":"2023-07-25T11:10:46","guid":{"rendered":"https:\/\/dekkbi.com\/?p=17459"},"modified":"2023-07-25T11:10:48","modified_gmt":"2023-07-25T11:10:48","slug":"deux-ans-apres-le-coup-de-force-de-kais-saied-la-tunisie-senfonce-dans-la-crise","status":"publish","type":"post","link":"https:\/\/dekkbi.com\/?p=17459","title":{"rendered":"Deux ans apr\u00e8s le coup de force de Ka\u00efs Sa\u00efed, la Tunisie s&rsquo;enfonce dans la crise"},"content":{"rendered":"\n<p>Le 25 juillet 2021, le pr\u00e9sident tunisien Ka\u00efs Sa\u00efed instaurait un r\u00e9gime d\u2019exception. Il limogeait le gouvernement de l&rsquo;\u00e9poque et suspendait les travaux d\u2019un parlement qu\u2019il a ensuite dissous en 2022. Deux ans plus tard, une Constitution pr\u00e9sidentialiste est en place tout comme un nouveau parlement aux pouvoirs restreints. Quant au bilan \u00e9conomique et politique du r\u00e9gime de Ka\u00efs Sa\u00efed, il reste mitig\u00e9.<\/p>\n\n\n\n<p>En l\u2019espace de deux ans, la\u00a0Tunisie\u00a0a v\u00e9cu de nombreux soubresauts politiques et le pays est entr\u00e9 dans une phase de sa transition d\u00e9mocratique difficile \u00e0 d\u00e9finir. Les\u00a0ONG\u00a0et associations de d\u00e9fense des droits humains d\u00e9noncent fr\u00e9quemment\u00a0la r\u00e9gression des libert\u00e9s.<\/p>\n\n\n\n<p>Depuis qu\u2019il a accapar\u00e9 les pleins pouvoirs en un coup de force, le pr\u00e9sident tunisien bafoue les acquis de 2011. Il gouverne par d\u00e9crets-lois et essaie de \u00ab&nbsp;<em>museler les voix critiques<\/em>&nbsp;\u00bb, selon Amnesty International. Les d\u00e9fenseurs des droits de l&rsquo;homme d\u00e9noncent \u00e9galement des arrestations arbitraires et une ing\u00e9rence dans la justice.<\/p>\n\n\n\n<p>\u00ab<em>&nbsp;Les libert\u00e9s en Tunisie sont aujourd&rsquo;hui menac\u00e9es et le pouvoir est en d\u00e9rive autoritaire&nbsp;<\/em>\u00bb, selon Hatem Nafti auteur de&nbsp;<em>Tunisie : vers un populisme autoritaire ?<\/em>.&nbsp;\u00ab&nbsp;<em>En deux ans, la Tunisie a chut\u00e9 de 49 places dans le classement de Reporters sans fronti\u00e8res en mati\u00e8re de libert\u00e9 d\u2019expression, elle devient le quatri\u00e8me pays arabe en termes de libert\u00e9 d\u2019expression, apr\u00e8s avoir \u00e9t\u00e9 leader pendant presque dix ans,&nbsp;<\/em>souligne Hatem Nafti, joint par&nbsp;<strong>Houda Ibrahim&nbsp;<\/strong>de la r\u00e9daction Afrique<em>. Les journalistes sont harcel\u00e9s par un cadre juridique, notamment avec une loi contre les fake news qui cr\u00e9e une sorte d\u2019autocensure. Le pr\u00e9sident-directeur g\u00e9n\u00e9ral de la radio Mosa\u00efque FM, la radio qui est la plus \u00e9cout\u00e9e de Tunisie, a \u00e9t\u00e9 mis en d\u00e9tention pendant quatre mois, car le pr\u00e9sident le soup\u00e7onnait de blanchiment d\u2019argent, et surtout, le pr\u00e9sident s\u2019en est pris \u00e0 lui pour le ton utilis\u00e9 dans sa radio, qui est assez critique par rapport au r\u00e9gime. Il y a pratiquement une trentaine d\u2019opposants qui sont en prison. Le cercle des libert\u00e9s ne fait que se restreindre et de plus en plus de gens ont peur de parler. Mais aussi, de plus en plus de gens soutiennent la d\u00e9rive autoritaire parce que le pr\u00e9sident leur offre des boucs \u00e9missaires, ce qui permet de d\u00e9tourner le regard de la gravissime situation en Tunisie.&nbsp;<\/em>\u00bb&nbsp;<\/p>\n\n\n\n<h2 class=\"wp-block-heading\">\u00ab&nbsp;<em>Le pouvoir est dans une d\u00e9rive autoritaire et liberticide<\/em>&nbsp;\u00bb&nbsp;<\/h2>\n\n\n\n<p>Et r\u00e9cemment, les mauvais traitements r\u00e9serv\u00e9s aux migrants subsahariens et les discours anti-migrants de Ka\u00efs Sa\u00efed ont provoqu\u00e9 l\u2019<strong>indignation de la soci\u00e9t\u00e9 civile<\/strong>. Lors d\u2019une r\u00e9union,\u00a0<strong>Ka\u00efs Sa\u00efed<\/strong>\u00a0avait tenu un discours extr\u00eamement dur sur l&rsquo;arriv\u00e9e de \u00ab\u00a0<em>hordes des migrants clandestins<\/em>\u00a0\u00bb dont la pr\u00e9sence en Tunisie \u00e9tait, selon lui, source de \u00ab\u00a0<em>violence, de crimes et d&rsquo;actes inacceptables<\/em>\u00a0\u00bb. Il avait aussi insist\u00e9 sur \u00ab<em>\u00a0la n\u00e9cessit\u00e9 de mettre rapidement fin\u00a0<\/em>\u00bb \u00e0 cette immigration.<\/p>\n\n\n\n<figure class=\"wp-block-image\"><img decoding=\"async\" src=\"https:\/\/s.rfi.fr\/media\/display\/1a14bb10-22d5-11ee-9383-005056a90321\/000_33P69XJ.jpg\" alt=\"Des manifestants brandissent des pancartes et scandent des slogans antiracistes lors d'une manifestation \u00e0 Tunis le 14 juillet 2023.\"\/><figcaption class=\"wp-element-caption\">Des manifestants brandissent des pancartes et scandent des slogans antiracistes lors d&rsquo;une manifestation \u00e0 Tunis le 14 juillet 2023.&nbsp;AFP &#8211; FETHI BELAID<\/figcaption><\/figure>\n\n\n\n<p><\/p>\n\n\n\n<p>Un discours qui a depuis plong\u00e9 les migrants subsahariens dans une situation critique, car ils sont agress\u00e9s, renvoy\u00e9s de leur travail ou leurs domiciles. Certains sont m\u00eame emmen\u00e9s dans le d\u00e9sert, \u00e0 la fronti\u00e8re avec la\u00a0Libye, o\u00f9\u00a0ils sont abandonn\u00e9s sans eau ni nourriture.<\/p>\n\n\n\n<p>Enfin, sur le plan \u00e9conomique, les indicateurs sont au plus bas. Le pays fait face \u00e0 des p\u00e9nuries fr\u00e9quentes de produits alimentaires faute de pouvoir payer \u00e0 temps les fournisseurs et les discussions sur le pr\u00eat de 1,9 milliard de dollars que la Tunisie n\u00e9gociait avec le\u00a0FMI\u00a0depuis plus d\u2019un an sont \u00e0 l\u2019arr\u00eat.<\/p>\n\n\n\n<p>Si peu de Tunisiens arrivent \u00e0 se projeter, beaucoup sont r\u00e9sign\u00e9s face au manque d\u2019alternative politique \u00e0 Ka\u00efs Sa\u00efed qui garde, jusqu\u2019\u00e0 pr\u00e9sent, un certain capital confiance au sein d\u2019une partie de l\u2019opinion. Un capital qui reste n\u00e9anmoins en sursis face \u00e0 la d\u00e9gradation de la situation \u00e9conomique apr\u00e8s ses deux ans au pouvoir.<\/p>\n\n\n\n<p>Qu\u2019est devenu Ennahda, le parti islamo-conservateur anciennement premi\u00e8re force politique de Tunisie ?<\/p>\n\n\n\n<p>En moins de 2 ans, la formation Ennahda semble avoir compl\u00e8tement disparu de la sph\u00e8re politique publique. D\u00e8s le coup de force de Ka\u00efs Sa\u00efed en juillet 2021, les militants ont d\u00e9nonc\u00e9 un \u00ab coup d\u2019\u00c9tat \u00bb. C\u2019est la ligne qu\u2019ils tiennent jusqu\u2019\u00e0 aujourd\u2019hui, se pla\u00e7ant de fait dans l\u2019opposition au pr\u00e9sident de la R\u00e9publique et \u00e0 son r\u00e9gime.<\/p>\n\n\n\n<p>Ennahda est peu soutenu par l\u2019opinion publique qui l\u2019accuse d\u2019avoir men\u00e9 la Tunisie \u00e0 sa crise \u00e9conomique et sociale actuelle. Victime \u00e9galement de probl\u00e8mes de leadership en interne, le parti a d\u00fb faire profil bas ces deux derni\u00e8res ann\u00e9es.<\/p>\n\n\n\n<p>Il a \u00e9galement fait l\u2019objet de poursuites judiciaires constantes. Une vingtaine de ses militants et dirigeants ont \u00e9t\u00e9 arr\u00eat\u00e9s dans le cadre de diff\u00e9rentes affaires li\u00e9es \u00e0 des soup\u00e7ons de corruption ou de malversations ou m\u00eame \u00e0 des d\u00e9clarations politiques. Le cas le plus embl\u00e9matique \u00e9tant celui de son chef depuis plus de 30 ans, Rached Ghannouchi, en prison depuis avril dernier. Les bureaux r\u00e9gionaux d\u2019Ennahda ont \u00e9t\u00e9 ferm\u00e9s par les autorit\u00e9s et le si\u00e8ge principal \u00e0 Tunis a \u00e9t\u00e9 perquisitionn\u00e9.<\/p>\n\n\n\n<p>La situation reste diff\u00e9rente des purges anti-islamistes qui avaient lieu sous la dictature de Ben Ali. Les cadres affirment tenir leur r\u00e9union \u00e0 distance sous l\u2019\u00e9gide du pr\u00e9sident par int\u00e9rim Mondher Ounissi. Ils disent vouloir \u00e9viter un face \u00e0 face frontal avec Ka\u00efs Sa\u00efed et plut\u00f4t tenter de mobiliser leurs troupes sur la dur\u00e9e plut\u00f4t que dans la rue.<\/p>\n\n\n\n<p>SOURCE RFI<\/p>\n","protected":false},"excerpt":{"rendered":"<p>Le 25 juillet 2021, le pr\u00e9sident tunisien Ka\u00efs Sa\u00efed instaurait un r\u00e9gime d\u2019exception. Il limogeait le gouvernement de l&rsquo;\u00e9poque et<\/p>\n","protected":false},"author":1,"featured_media":17460,"comment_status":"open","ping_status":"open","sticky":false,"template":"","format":"standard","meta":{"footnotes":""},"categories":[51],"tags":[],"class_list":["post-17459","post","type-post","status-publish","format-standard","has-post-thumbnail","hentry","category-general"],"_links":{"self":[{"href":"https:\/\/dekkbi.com\/index.php?rest_route=\/wp\/v2\/posts\/17459","targetHints":{"allow":["GET"]}}],"collection":[{"href":"https:\/\/dekkbi.com\/index.php?rest_route=\/wp\/v2\/posts"}],"about":[{"href":"https:\/\/dekkbi.com\/index.php?rest_route=\/wp\/v2\/types\/post"}],"author":[{"embeddable":true,"href":"https:\/\/dekkbi.com\/index.php?rest_route=\/wp\/v2\/users\/1"}],"replies":[{"embeddable":true,"href":"https:\/\/dekkbi.com\/index.php?rest_route=%2Fwp%2Fv2%2Fcomments&post=17459"}],"version-history":[{"count":1,"href":"https:\/\/dekkbi.com\/index.php?rest_route=\/wp\/v2\/posts\/17459\/revisions"}],"predecessor-version":[{"id":17461,"href":"https:\/\/dekkbi.com\/index.php?rest_route=\/wp\/v2\/posts\/17459\/revisions\/17461"}],"wp:featuredmedia":[{"embeddable":true,"href":"https:\/\/dekkbi.com\/index.php?rest_route=\/wp\/v2\/media\/17460"}],"wp:attachment":[{"href":"https:\/\/dekkbi.com\/index.php?rest_route=%2Fwp%2Fv2%2Fmedia&parent=17459"}],"wp:term":[{"taxonomy":"category","embeddable":true,"href":"https:\/\/dekkbi.com\/index.php?rest_route=%2Fwp%2Fv2%2Fcategories&post=17459"},{"taxonomy":"post_tag","embeddable":true,"href":"https:\/\/dekkbi.com\/index.php?rest_route=%2Fwp%2Fv2%2Ftags&post=17459"}],"curies":[{"name":"wp","href":"https:\/\/api.w.org\/{rel}","templated":true}]}}