{"id":17446,"date":"2023-07-25T10:32:42","date_gmt":"2023-07-25T10:32:42","guid":{"rendered":"https:\/\/dekkbi.com\/?p=17446"},"modified":"2023-07-25T10:32:43","modified_gmt":"2023-07-25T10:32:43","slug":"cooperation-parlementaire-senegal-cap-vert-signature-dun-protocole-daccord-entre-les-assemblees-nationales","status":"publish","type":"post","link":"https:\/\/dekkbi.com\/?p=17446","title":{"rendered":"Coop\u00e9ration parlementaire S\u00e9n\u00e9gal-Cap vert: signature d\u2019un Protocole d\u2019accord entre les Assembl\u00e9es nationales"},"content":{"rendered":"\n<p>Le Pr\u00e9sident de l\u2019Assembl\u00e9e nationale, Amadou Mame Diop, est en visite officielle au Cap-Vert, du 23 au 26 juillet 2023. Hier, lundi, Il a proc\u00e9d\u00e9 avec son homologue cabo-verdien, M. Aust\u00e9lino Tavares Correia, \u00e0 la signature d\u2019un protocole d\u2019accord, traduisant l\u2019engagement des deux pays \u00e0 renforcer le dialogue entre les deux Parlements. Pour le Chef du Parlement cabo-verdien, cette visite permettra d\u2019\u00e9tablir les bases d\u2019une coop\u00e9ration parlementaire fructueuse entre les deux pays qui ont d\u00e9j\u00e0 \u00e0 leur actif, plus de 60 accords, dans divers domaines. Pour sa part, le Pr\u00e9sident Amadou Mame Diop, a remerci\u00e9 son homologue cabo-verdien, pour l\u2019invitation et l\u2019accueil chaleureux. Il a rappel\u00e9 les liens s\u00e9culaires sous tendus par les valeurs de paix, de libert\u00e9 et de d\u00e9mocratie qui unissent les deux pays. Le Pr\u00e9sident Amadou Mame Diop s\u2019est r\u00e9joui des convergences de vue entre lui et son homologue cabo-verdien. Il a soulign\u00e9 les mod\u00e8les d\u00e9mocratiques que repr\u00e9sentent les deux pays \u00e0 travers le pluralisme et le libre jeu d\u00e9mocratique qui se mat\u00e9rialisent dans les Assembl\u00e9es des deux pays.<\/p>\n\n\n\n<p>Pour rappel, \u00e0 l\u2019invitation de son homologue cabo-verdien, M. Aust\u00e9lino Tavares Correia, le Pr\u00e9sident de l\u2019Assembl\u00e9e nationale du S\u00e9n\u00e9gal entame une visite de trois jours, depuis dimanche 23 juillet 2023, au Cabo-Verde. Accompagn\u00e9 d\u2019une forte d\u00e9l\u00e9gation compos\u00e9e de membres du Bureau de l\u2019Assembl\u00e9e nationale, de d\u00e9put\u00e9s, de membres de son cabinet et de l\u2019administration parlementaire, Amadou Mame Diop sera re\u00e7u par le Pr\u00e9sident de la R\u00e9publique du Cap-Vert, M. Jos\u00e9 Maria Pereira Neves. Le Pr\u00e9sident Amadou Mame Diop prendra part, \u00e9galement, \u00e0 une session solennelle au Parlement cabo-verdien, en pr\u00e9sence de d\u00e9put\u00e9s, de membres du Gouvernement et du Conseil Sup\u00e9rieur de la Magistrature du Cap-Vert. Cette visite s\u2019inscrit, informe-t-on, dans le cadre de la volont\u00e9 des deux parlements de renforcer la coop\u00e9ration entre les deux pays.<\/p>\n\n\n\n<p><strong>\u00a0M D<\/strong><\/p>\n\n\n\n<p>SUDQUOTIDIEN<\/p>\n","protected":false},"excerpt":{"rendered":"<p>Le Pr\u00e9sident de l\u2019Assembl\u00e9e nationale, Amadou Mame Diop, est en visite officielle au Cap-Vert, du 23 au 26 juillet 2023.<\/p>\n","protected":false},"author":1,"featured_media":17448,"comment_status":"open","ping_status":"open","sticky":false,"template":"","format":"standard","meta":{"footnotes":""},"categories":[6],"tags":[],"class_list":["post-17446","post","type-post","status-publish","format-standard","has-post-thumbnail","hentry","category-politics"],"_links":{"self":[{"href":"https:\/\/dekkbi.com\/index.php?rest_route=\/wp\/v2\/posts\/17446","targetHints":{"allow":["GET"]}}],"collection":[{"href":"https:\/\/dekkbi.com\/index.php?rest_route=\/wp\/v2\/posts"}],"about":[{"href":"https:\/\/dekkbi.com\/index.php?rest_route=\/wp\/v2\/types\/post"}],"author":[{"embeddable":true,"href":"https:\/\/dekkbi.com\/index.php?rest_route=\/wp\/v2\/users\/1"}],"replies":[{"embeddable":true,"href":"https:\/\/dekkbi.com\/index.php?rest_route=%2Fwp%2Fv2%2Fcomments&post=17446"}],"version-history":[{"count":1,"href":"https:\/\/dekkbi.com\/index.php?rest_route=\/wp\/v2\/posts\/17446\/revisions"}],"predecessor-version":[{"id":17449,"href":"https:\/\/dekkbi.com\/index.php?rest_route=\/wp\/v2\/posts\/17446\/revisions\/17449"}],"wp:featuredmedia":[{"embeddable":true,"href":"https:\/\/dekkbi.com\/index.php?rest_route=\/wp\/v2\/media\/17448"}],"wp:attachment":[{"href":"https:\/\/dekkbi.com\/index.php?rest_route=%2Fwp%2Fv2%2Fmedia&parent=17446"}],"wp:term":[{"taxonomy":"category","embeddable":true,"href":"https:\/\/dekkbi.com\/index.php?rest_route=%2Fwp%2Fv2%2Fcategories&post=17446"},{"taxonomy":"post_tag","embeddable":true,"href":"https:\/\/dekkbi.com\/index.php?rest_route=%2Fwp%2Fv2%2Ftags&post=17446"}],"curies":[{"name":"wp","href":"https:\/\/api.w.org\/{rel}","templated":true}]}}